{"id":22855,"date":"2026-09-03T13:06:11","date_gmt":"2026-09-03T13:06:11","guid":{"rendered":"https:\/\/thesimplerent.com\/blog\/?p=22855"},"modified":"2026-09-04T15:00:09","modified_gmt":"2026-09-04T15:00:09","slug":"como-preparar-tu-vivienda-para-alquilarla-mas-rapido-despues-del-verano","status":"publish","type":"post","link":"https:\/\/thesimplerent.com\/blog\/como-preparar-tu-vivienda-para-alquilarla-mas-rapido-despues-del-verano\/","title":{"rendered":"C\u00f3mo preparar tu vivienda para alquilarla m\u00e1s r\u00e1pido despu\u00e9s del verano"},"content":{"rendered":"\t\t<div data-elementor-type=\"wp-post\" data-elementor-id=\"22855\" class=\"elementor elementor-22855\">\n\t\t\t\t\t\t\t\t\t<section class=\"elementor-section elementor-top-section elementor-element elementor-element-29ac4cb elementor-section-boxed elementor-section-height-default elementor-section-height-default\" data-id=\"29ac4cb\" data-element_type=\"section\">\n\t\t\t\t\t\t<div class=\"elementor-container elementor-column-gap-default\">\n\t\t\t\t\t<div class=\"elementor-column elementor-col-100 elementor-top-column elementor-element elementor-element-4c136c4\" data-id=\"4c136c4\" data-element_type=\"column\">\n\t\t\t<div class=\"elementor-widget-wrap elementor-element-populated\">\n\t\t\t\t\t\t\t\t<div class=\"elementor-element elementor-element-530b464 elementor-widget elementor-widget-text-editor\" data-id=\"530b464\" data-element_type=\"widget\" data-widget_type=\"text-editor.default\">\n\t\t\t\t<div class=\"elementor-widget-container\">\n\t\t\t<style>\/*! elementor - v3.6.7 - 03-07-2022 *\/\n.elementor-widget-text-editor.elementor-drop-cap-view-stacked .elementor-drop-cap{background-color:#818a91;color:#fff}.elementor-widget-text-editor.elementor-drop-cap-view-framed .elementor-drop-cap{color:#818a91;border:3px solid;background-color:transparent}.elementor-widget-text-editor:not(.elementor-drop-cap-view-default) .elementor-drop-cap{margin-top:8px}.elementor-widget-text-editor:not(.elementor-drop-cap-view-default) .elementor-drop-cap-letter{width:1em;height:1em}.elementor-widget-text-editor .elementor-drop-cap{float:left;text-align:center;line-height:1;font-size:50px}.elementor-widget-text-editor .elementor-drop-cap-letter{display:inline-block}<\/style>\t\t\t\t<p style=\"--animation-duration: 494ms;\" data-path-to-node=\"1\">El final del verano marca uno de los picos de mayor demanda en el mercado inmobiliario de alquiler. <strong><em>Septiembre y octubre concentran el traslado de profesionales que cambian de ciudad, familias que reasignan su residencia antes del inicio del curso escolar y j\u00f3venes que buscan su primer inmueble.<\/em><\/strong> Sin embargo, una mayor demanda no garantiza un contrato r\u00e1pido si la vivienda no destaca sobre la competencia.<\/p><p style=\"--animation-duration: 417ms;\" data-path-to-node=\"2\">Poner un inmueble en el mercado sin la preparaci\u00f3n adecuada suele derivar en dos escenarios desfavorables: periodos prolongados con la propiedad vac\u00eda \u2014lo que genera costes fijos sin ingresos\u2014 o la necesidad de rebajar el precio mensual para atraer inquilinos. <em><strong>Preparar la vivienda estrat\u00e9gicamente permite acortar los tiempos de comercializaci\u00f3n y defender una renta acorde al valor real del activo.<\/strong><\/em><\/p><p data-path-to-node=\"3\">A continuaci\u00f3n, analizamos las intervenciones clave y los aspectos legales indispensables para optimizar un inmueble de alquiler tras el periodo estival, garantizando una transacci\u00f3n \u00e1gil, rentable y segura.<\/p>\t\t\t\t\t\t<\/div>\n\t\t\t\t<\/div>\n\t\t\t\t\t<\/div>\n\t\t<\/div>\n\t\t\t\t\t\t\t<\/div>\n\t\t<\/section>\n\t\t\t\t<section class=\"elementor-section elementor-top-section elementor-element elementor-element-11bdd2f elementor-section-boxed elementor-section-height-default elementor-section-height-default\" data-id=\"11bdd2f\" data-element_type=\"section\">\n\t\t\t\t\t\t<div class=\"elementor-container elementor-column-gap-default\">\n\t\t\t\t\t<div class=\"elementor-column elementor-col-100 elementor-top-column elementor-element elementor-element-8541c78\" data-id=\"8541c78\" data-element_type=\"column\">\n\t\t\t<div class=\"elementor-widget-wrap elementor-element-populated\">\n\t\t\t\t\t\t\t\t<div class=\"elementor-element elementor-element-379c411 elementor-widget elementor-widget-text-editor\" data-id=\"379c411\" data-element_type=\"widget\" data-widget_type=\"text-editor.default\">\n\t\t\t\t<div class=\"elementor-widget-container\">\n\t\t\t\t\t\t\t<h2 data-path-to-node=\"5\">1. Mantenimiento cr\u00edtico tras los meses de calor<\/h2><p data-path-to-node=\"6\">El uso intensivo durante la \u00e9poca estival o el estancamiento de una vivienda cerrada durante semanas dejan huellas que restan atractivo a cualquier inmueble. Antes de publicar las primeras fotograf\u00edas, es fundamental realizar una revisi\u00f3n t\u00e9cnica exhaustiva.<\/p><ul><li data-path-to-node=\"7,0,0\"><b data-path-to-node=\"7,0,0\" data-index-in-node=\"0\">Revisi\u00f3n de climatizaci\u00f3n y aislamiento:<\/b> Comprueba el estado de las bombas de fr\u00edo\/calor, realiza la limpieza de filtros y verifica que las ventanas cierren herm\u00e9ticamente para garantizar eficiencia energ\u00e9tica ante el pr\u00f3ximo invierno.<\/li><li data-path-to-node=\"7,1,0\"><b data-path-to-node=\"7,1,0\" data-index-in-node=\"0\">Reparaciones cosm\u00e9ticas urgentes:<\/b> Repasa grietas, humedades por condensaci\u00f3n y desconchones. Una mano de pintura fresca en tonos neutros (blanco, beige o gris claro) amplifica la luz natural y genera percepci\u00f3n de amplitud.<\/li><li data-path-to-node=\"7,2,0\"><b data-path-to-node=\"7,2,0\" data-index-in-node=\"0\">Saneamiento de fontaner\u00eda y grifer\u00eda:<\/b> Comprueba la presi\u00f3n del agua, la ausencia de goteos en grifos o cisternas y el estado de las juntas de silicona en ba\u00f1os y cocina.<\/li><\/ul>\t\t\t\t\t\t<\/div>\n\t\t\t\t<\/div>\n\t\t\t\t\t<\/div>\n\t\t<\/div>\n\t\t\t\t\t\t\t<\/div>\n\t\t<\/section>\n\t\t\t\t<section class=\"elementor-section elementor-top-section elementor-element elementor-element-162eea3 elementor-section-boxed elementor-section-height-default elementor-section-height-default\" data-id=\"162eea3\" data-element_type=\"section\">\n\t\t\t\t\t\t<div class=\"elementor-container elementor-column-gap-default\">\n\t\t\t\t\t<div class=\"elementor-column elementor-col-100 elementor-top-column elementor-element elementor-element-524face\" data-id=\"524face\" data-element_type=\"column\">\n\t\t\t<div class=\"elementor-widget-wrap elementor-element-populated\">\n\t\t\t\t\t\t\t\t<div class=\"elementor-element elementor-element-1960a1f elementor-widget elementor-widget-text-editor\" data-id=\"1960a1f\" data-element_type=\"widget\" data-widget_type=\"text-editor.default\">\n\t\t\t\t<div class=\"elementor-widget-container\">\n\t\t\t\t\t\t\t<h2 data-path-to-node=\"9\">2. Aplicaci\u00f3n de Home Staging<\/h2><p data-path-to-node=\"10\">El <strong><i data-path-to-node=\"10\" data-index-in-node=\"3\">Home Staging<\/i> <\/strong>no consiste en decorar, sino en neutralizar el espacio para que cualquier candidato pueda proyectarse viviendo en \u00e9l. Un inmueble sobrecargado o con objetos personales del propietario genera rechazo inmediato durante las visitas.<\/p><ul><li><b data-path-to-node=\"11,0,0\" data-index-in-node=\"0\">Retirada de objetos personales:<\/b> Elimina fotograf\u00edas familiares, recuerdos de viajes, diplomas y elementos religiosos o pol\u00edticos.<\/li><li><b data-path-to-node=\"11,1,0\" data-index-in-node=\"0\">Despeje y funcionalidad:<\/b> Reduce la cantidad de muebles prescindibles. Los espacios despejan el paso y hacen que las estancias parezcan m\u00e1s amplias en los portales inmobiliarios.<\/li><li><b data-path-to-node=\"11,2,0\" data-index-in-node=\"0\">Textiles e iluminaci\u00f3n estrat\u00e9gica:<\/b> Sustituye cortinas tupidas por visillos ligeros que dejen pasar la luz. A\u00f1ade puntos de luz c\u00e1lida en esquinas oscuras y utiliza ropa de cama o cojines neutros con peque\u00f1os toques de color.<\/li><\/ul>\t\t\t\t\t\t<\/div>\n\t\t\t\t<\/div>\n\t\t\t\t\t<\/div>\n\t\t<\/div>\n\t\t\t\t\t\t\t<\/div>\n\t\t<\/section>\n\t\t\t\t<section class=\"elementor-section elementor-top-section elementor-element elementor-element-5916c93 elementor-section-boxed elementor-section-height-default elementor-section-height-default\" data-id=\"5916c93\" data-element_type=\"section\">\n\t\t\t\t\t\t<div class=\"elementor-container elementor-column-gap-default\">\n\t\t\t\t\t<div class=\"elementor-column elementor-col-100 elementor-top-column elementor-element elementor-element-a9ef76e\" data-id=\"a9ef76e\" data-element_type=\"column\">\n\t\t\t<div class=\"elementor-widget-wrap elementor-element-populated\">\n\t\t\t\t\t\t\t\t<div class=\"elementor-element elementor-element-7e634ba elementor-widget elementor-widget-image\" data-id=\"7e634ba\" data-element_type=\"widget\" data-widget_type=\"image.default\">\n\t\t\t\t<div class=\"elementor-widget-container\">\n\t\t\t<style>\/*! elementor - v3.6.7 - 03-07-2022 *\/\n.elementor-widget-image{text-align:center}.elementor-widget-image a{display:inline-block}.elementor-widget-image a img[src$=\".svg\"]{width:48px}.elementor-widget-image img{vertical-align:middle;display:inline-block}<\/style>\t\t\t\t\t\t\t\t\t\t\t\t<img loading=\"lazy\" decoding=\"async\" width=\"1024\" height=\"678\" src=\"https:\/\/thesimplerent.com\/blog\/wp-content\/uploads\/2026\/09\/pexels-the-ghazi-2152398165-36353382-1024x678.jpg\" class=\"attachment-large size-large\" alt=\"\" srcset=\"https:\/\/thesimplerent.com\/blog\/wp-content\/uploads\/2026\/09\/pexels-the-ghazi-2152398165-36353382-1024x678.jpg 1024w, https:\/\/thesimplerent.com\/blog\/wp-content\/uploads\/2026\/09\/pexels-the-ghazi-2152398165-36353382-300x199.jpg 300w, https:\/\/thesimplerent.com\/blog\/wp-content\/uploads\/2026\/09\/pexels-the-ghazi-2152398165-36353382-768x509.jpg 768w, https:\/\/thesimplerent.com\/blog\/wp-content\/uploads\/2026\/09\/pexels-the-ghazi-2152398165-36353382-1536x1017.jpg 1536w, https:\/\/thesimplerent.com\/blog\/wp-content\/uploads\/2026\/09\/pexels-the-ghazi-2152398165-36353382-2048x1356.jpg 2048w\" sizes=\"auto, (max-width: 1024px) 100vw, 1024px\" \/>\t\t\t\t\t\t\t\t\t\t\t\t\t\t\t<\/div>\n\t\t\t\t<\/div>\n\t\t\t\t\t<\/div>\n\t\t<\/div>\n\t\t\t\t\t\t\t<\/div>\n\t\t<\/section>\n\t\t\t\t<section class=\"elementor-section elementor-top-section elementor-element elementor-element-105471b elementor-section-boxed elementor-section-height-default elementor-section-height-default\" data-id=\"105471b\" data-element_type=\"section\">\n\t\t\t\t\t\t<div class=\"elementor-container elementor-column-gap-default\">\n\t\t\t\t\t<div class=\"elementor-column elementor-col-100 elementor-top-column elementor-element elementor-element-1708a6b\" data-id=\"1708a6b\" data-element_type=\"column\">\n\t\t\t<div class=\"elementor-widget-wrap elementor-element-populated\">\n\t\t\t\t\t\t\t\t<div class=\"elementor-element elementor-element-5c91e18 elementor-widget elementor-widget-text-editor\" data-id=\"5c91e18\" data-element_type=\"widget\" data-widget_type=\"text-editor.default\">\n\t\t\t\t<div class=\"elementor-widget-container\">\n\t\t\t\t\t\t\t<h2 data-path-to-node=\"13\">3. Limpieza profunda y presentaci\u00f3n fotogr\u00e1fica profesional<\/h2><p data-path-to-node=\"14\">M\u00e1s del 90% de los inquilinos inicia la b\u00fasqueda de vivienda a trav\u00e9s de portales inmobiliarios de forma digital. <em><strong>La primera impresi\u00f3n en pantalla determina si el usuario hace clic o pasa al siguiente anuncio.<\/strong><\/em><\/p><ul><li data-path-to-node=\"15,0,0\"><b data-path-to-node=\"15,0,0\" data-index-in-node=\"0\">Limpieza t\u00e9cnica detallada:<\/b> Enf\u00f3cate en zonas cr\u00edticas como juntas de azulejos, interior de electrodom\u00e9sticos (horno, microondas, frigor\u00edfico), cristales y ra\u00edles de ventanas.<\/li><li data-path-to-node=\"15,1,0\"><b data-path-to-node=\"15,1,0\" data-index-in-node=\"0\">Fotograf\u00eda y contenido audiovisual:<\/b> Evita im\u00e1genes realizadas con m\u00f3vil en vertical o con escasa iluminaci\u00f3n. Un reportaje fotogr\u00e1fico con luz natural, encuadres bien meditados e incluso un recorrido virtual en 3D incrementan el volumen de contactos cualificados hasta en un 40%.<\/li><\/ul>\t\t\t\t\t\t<\/div>\n\t\t\t\t<\/div>\n\t\t\t\t\t<\/div>\n\t\t<\/div>\n\t\t\t\t\t\t\t<\/div>\n\t\t<\/section>\n\t\t\t\t<section class=\"elementor-section elementor-top-section elementor-element elementor-element-c944c19 elementor-section-boxed elementor-section-height-default elementor-section-height-default\" data-id=\"c944c19\" data-element_type=\"section\">\n\t\t\t\t\t\t<div class=\"elementor-container elementor-column-gap-default\">\n\t\t\t\t\t<div class=\"elementor-column elementor-col-100 elementor-top-column elementor-element elementor-element-107d314\" data-id=\"107d314\" data-element_type=\"column\">\n\t\t\t<div class=\"elementor-widget-wrap elementor-element-populated\">\n\t\t\t\t\t\t\t\t<div class=\"elementor-element elementor-element-40a6f93 elementor-widget elementor-widget-image\" data-id=\"40a6f93\" data-element_type=\"widget\" data-widget_type=\"image.default\">\n\t\t\t\t<div class=\"elementor-widget-container\">\n\t\t\t\t\t\t\t\t\t\t\t\t\t\t\t<img loading=\"lazy\" decoding=\"async\" width=\"1024\" height=\"576\" src=\"https:\/\/thesimplerent.com\/blog\/wp-content\/uploads\/2026\/09\/pexels-pu-ca-adryan-163345030-12881064-1024x576.jpg\" class=\"attachment-large size-large\" alt=\"\" srcset=\"https:\/\/thesimplerent.com\/blog\/wp-content\/uploads\/2026\/09\/pexels-pu-ca-adryan-163345030-12881064-1024x576.jpg 1024w, https:\/\/thesimplerent.com\/blog\/wp-content\/uploads\/2026\/09\/pexels-pu-ca-adryan-163345030-12881064-300x169.jpg 300w, https:\/\/thesimplerent.com\/blog\/wp-content\/uploads\/2026\/09\/pexels-pu-ca-adryan-163345030-12881064-768x432.jpg 768w, https:\/\/thesimplerent.com\/blog\/wp-content\/uploads\/2026\/09\/pexels-pu-ca-adryan-163345030-12881064-1536x864.jpg 1536w, https:\/\/thesimplerent.com\/blog\/wp-content\/uploads\/2026\/09\/pexels-pu-ca-adryan-163345030-12881064-2048x1152.jpg 2048w\" sizes=\"auto, (max-width: 1024px) 100vw, 1024px\" \/>\t\t\t\t\t\t\t\t\t\t\t\t\t\t\t<\/div>\n\t\t\t\t<\/div>\n\t\t\t\t\t<\/div>\n\t\t<\/div>\n\t\t\t\t\t\t\t<\/div>\n\t\t<\/section>\n\t\t\t\t<section class=\"elementor-section elementor-top-section elementor-element elementor-element-f5b5bd3 elementor-section-boxed elementor-section-height-default elementor-section-height-default\" data-id=\"f5b5bd3\" data-element_type=\"section\">\n\t\t\t\t\t\t<div class=\"elementor-container elementor-column-gap-default\">\n\t\t\t\t\t<div class=\"elementor-column elementor-col-100 elementor-top-column elementor-element elementor-element-fbc8558\" data-id=\"fbc8558\" data-element_type=\"column\">\n\t\t\t<div class=\"elementor-widget-wrap elementor-element-populated\">\n\t\t\t\t\t\t\t\t<div class=\"elementor-element elementor-element-8409a4b elementor-widget elementor-widget-text-editor\" data-id=\"8409a4b\" data-element_type=\"widget\" data-widget_type=\"text-editor.default\">\n\t\t\t\t<div class=\"elementor-widget-container\">\n\t\t\t\t\t\t\t<h2 data-path-to-node=\"21\">4. Fijaci\u00f3n de precio acorde al mercado real<\/h2><p data-path-to-node=\"22\">Uno de los errores m\u00e1s comunes tras el verano es establecer un precio de alquiler basado en expectativas personales o en precios de oferta de portales, los cuales suelen estar sobrevalorados respecto al precio final de cierre.<\/p><p data-path-to-node=\"23\">Un an\u00e1lisis comparativo de mercado riguroso tiene en cuenta:<\/p><ol><li data-path-to-node=\"24,0,0\">Los precios reales de contratos cerrados recientemente en la misma zona.<\/li><li data-path-to-node=\"24,1,0\">Las caracter\u00edsticas espec\u00edficas del inmueble (planta, ascensor, estado de conservaci\u00f3n, balc\u00f3n\/terraza).<\/li><li data-path-to-node=\"24,2,0\">La tipolog\u00eda de inquilino predominante en la zona (estudiantes, profesionales, familias).<\/li><\/ol><p data-path-to-node=\"25\">Fijar un precio equilibrado desde el primer d\u00eda atrae a inquilinos solvencia contrastada y evita la depreciaci\u00f3n que sufre un anuncio cuando lleva meses publicado sin resultados. <strong><em>Por eso es importante el asesoramiento de una agencia especializada en la comercializaci\u00f3n de inmuebles.<\/em><\/strong><\/p><h5 data-path-to-node=\"27\">Maximiza la rentabilidad de tu alquiler con gesti\u00f3n profesional<\/h5><p data-path-to-node=\"28\">Preparar una vivienda para el mercado de alquiler requiere tiempo, criterio t\u00e9cnico y conocimiento actualizado de la normativa vigente. Una correcta puesta a punto reduce significativamente los periodos de vacante y protege el valor de tu patrimonio inmobiliario.<\/p><p data-path-to-node=\"29\">En <b data-path-to-node=\"29\" data-index-in-node=\"3\">nuestra agencia inmobiliaria<\/b> nos encargamos de todo el proceso: desde la valoraci\u00f3n de mercado y la preparaci\u00f3n visual de la vivienda, hasta la selecci\u00f3n rigurosa de inquilinos con an\u00e1lisis de solvencia y la redacci\u00f3n del contrato de arrendamiento.<\/p><p data-path-to-node=\"30\">\ud83d\ude80 \u200bSi deseas alquilar tu vivienda de forma r\u00e1pida, segura y al mejor precio de mercado esta temporada, <b data-path-to-node=\"30\" data-index-in-node=\"100\">ponte en contacto con nuestro equipo de especialistas hoy mismo<\/b>.<\/p>\t\t\t\t\t\t<\/div>\n\t\t\t\t<\/div>\n\t\t\t\t\t<\/div>\n\t\t<\/div>\n\t\t\t\t\t\t\t<\/div>\n\t\t<\/section>\n\t\t\t\t\t\t\t<\/div>\n\t\t","protected":false},"excerpt":{"rendered":"<p>El final del verano marca uno de los picos de mayor demanda en el mercado inmobiliario de alquiler. Septiembre y octubre concentran el traslado de profesionales que cambian de ciudad,&#46;&#46;&#46;<\/p>\n","protected":false},"author":2,"featured_media":22857,"comment_status":"closed","ping_status":"closed","sticky":false,"template":"","format":"standard","meta":{"inline_featured_image":false,"footnotes":""},"categories":[9],"tags":[],"class_list":["post-22855","post","type-post","status-publish","format-standard","has-post-thumbnail","hentry","category-real-estate"],"yoast_head":"<!-- This site is optimized with the Yoast SEO plugin v19.3 - https:\/\/yoast.com\/wordpress\/plugins\/seo\/ -->\n<title>C\u00f3mo preparar tu vivienda para alquilarla m\u00e1s r\u00e1pido despu\u00e9s del verano - The Simple Rent Blog<\/title>\n<meta name=\"robots\" content=\"index, follow, max-snippet:-1, max-image-preview:large, max-video-preview:-1\" \/>\n<link rel=\"canonical\" href=\"https:\/\/thesimplerent.com\/blog\/como-preparar-tu-vivienda-para-alquilarla-mas-rapido-despues-del-verano\/\" \/>\n<meta property=\"og:locale\" content=\"es_ES\" \/>\n<meta property=\"og:type\" content=\"article\" \/>\n<meta property=\"og:title\" content=\"C\u00f3mo preparar tu vivienda para alquilarla m\u00e1s r\u00e1pido despu\u00e9s del verano - The Simple Rent Blog\" \/>\n<meta property=\"og:description\" content=\"El final del verano marca uno de los picos de mayor demanda en el mercado inmobiliario de alquiler. Septiembre y octubre concentran el traslado de profesionales que cambian de ciudad,&#046;&#046;&#046;\" \/>\n<meta property=\"og:url\" content=\"https:\/\/thesimplerent.com\/blog\/como-preparar-tu-vivienda-para-alquilarla-mas-rapido-despues-del-verano\/\" \/>\n<meta property=\"og:site_name\" content=\"The Simple Rent Blog\" \/>\n<meta property=\"article:published_time\" content=\"2026-09-03T13:06:11+00:00\" \/>\n<meta property=\"article:modified_time\" content=\"2026-09-04T15:00:09+00:00\" \/>\n<meta property=\"og:image\" content=\"https:\/\/thesimplerent.com\/blog\/wp-content\/uploads\/2026\/09\/pexels-thephotosaccount-30613497-scaled.jpg\" \/>\n\t<meta property=\"og:image:width\" content=\"2560\" \/>\n\t<meta property=\"og:image:height\" content=\"1707\" \/>\n\t<meta property=\"og:image:type\" content=\"image\/jpeg\" \/>\n<meta name=\"author\" content=\"The Simple Rent\" \/>\n<meta name=\"twitter:card\" content=\"summary_large_image\" \/>\n<meta name=\"twitter:label1\" content=\"Escrito por\" \/>\n\t<meta name=\"twitter:data1\" content=\"The Simple Rent\" \/>\n\t<meta name=\"twitter:label2\" content=\"Tiempo de lectura\" \/>\n\t<meta name=\"twitter:data2\" content=\"4 minutos\" \/>\n<script type=\"application\/ld+json\" class=\"yoast-schema-graph\">{\"@context\":\"https:\/\/schema.org\",\"@graph\":[{\"@type\":\"Organization\",\"@id\":\"https:\/\/thesimplerent.com\/blog\/#organization\",\"name\":\"The Simple Rent Blog\",\"url\":\"https:\/\/thesimplerent.com\/blog\/\",\"sameAs\":[],\"logo\":{\"@type\":\"ImageObject\",\"inLanguage\":\"es\",\"@id\":\"https:\/\/thesimplerent.com\/blog\/#\/schema\/logo\/image\/\",\"url\":\"https:\/\/thesimplerent.com\/blog\/wp-content\/uploads\/2022\/07\/logo-tsr-blue.svg\",\"contentUrl\":\"https:\/\/thesimplerent.com\/blog\/wp-content\/uploads\/2022\/07\/logo-tsr-blue.svg\",\"width\":400,\"height\":100,\"caption\":\"The Simple Rent Blog\"},\"image\":{\"@id\":\"https:\/\/thesimplerent.com\/blog\/#\/schema\/logo\/image\/\"}},{\"@type\":\"WebSite\",\"@id\":\"https:\/\/thesimplerent.com\/blog\/#website\",\"url\":\"https:\/\/thesimplerent.com\/blog\/\",\"name\":\"The Simple Rent Blog\",\"description\":\"Descubre Las \u00daltimas Noticias de TSR\",\"publisher\":{\"@id\":\"https:\/\/thesimplerent.com\/blog\/#organization\"},\"potentialAction\":[{\"@type\":\"SearchAction\",\"target\":{\"@type\":\"EntryPoint\",\"urlTemplate\":\"https:\/\/thesimplerent.com\/blog\/?s={search_term_string}\"},\"query-input\":\"required name=search_term_string\"}],\"inLanguage\":\"es\"},{\"@type\":\"ImageObject\",\"inLanguage\":\"es\",\"@id\":\"https:\/\/thesimplerent.com\/blog\/como-preparar-tu-vivienda-para-alquilarla-mas-rapido-despues-del-verano\/#primaryimage\",\"url\":\"https:\/\/thesimplerent.com\/blog\/wp-content\/uploads\/2026\/09\/pexels-thephotosaccount-30613497-scaled.jpg\",\"contentUrl\":\"https:\/\/thesimplerent.com\/blog\/wp-content\/uploads\/2026\/09\/pexels-thephotosaccount-30613497-scaled.jpg\",\"width\":2560,\"height\":1707},{\"@type\":\"WebPage\",\"@id\":\"https:\/\/thesimplerent.com\/blog\/como-preparar-tu-vivienda-para-alquilarla-mas-rapido-despues-del-verano\/\",\"url\":\"https:\/\/thesimplerent.com\/blog\/como-preparar-tu-vivienda-para-alquilarla-mas-rapido-despues-del-verano\/\",\"name\":\"C\u00f3mo preparar tu vivienda para alquilarla m\u00e1s r\u00e1pido despu\u00e9s del verano - The Simple Rent Blog\",\"isPartOf\":{\"@id\":\"https:\/\/thesimplerent.com\/blog\/#website\"},\"primaryImageOfPage\":{\"@id\":\"https:\/\/thesimplerent.com\/blog\/como-preparar-tu-vivienda-para-alquilarla-mas-rapido-despues-del-verano\/#primaryimage\"},\"datePublished\":\"2026-09-03T13:06:11+00:00\",\"dateModified\":\"2026-09-04T15:00:09+00:00\",\"breadcrumb\":{\"@id\":\"https:\/\/thesimplerent.com\/blog\/como-preparar-tu-vivienda-para-alquilarla-mas-rapido-despues-del-verano\/#breadcrumb\"},\"inLanguage\":\"es\",\"potentialAction\":[{\"@type\":\"ReadAction\",\"target\":[\"https:\/\/thesimplerent.com\/blog\/como-preparar-tu-vivienda-para-alquilarla-mas-rapido-despues-del-verano\/\"]}]},{\"@type\":\"BreadcrumbList\",\"@id\":\"https:\/\/thesimplerent.com\/blog\/como-preparar-tu-vivienda-para-alquilarla-mas-rapido-despues-del-verano\/#breadcrumb\",\"itemListElement\":[{\"@type\":\"ListItem\",\"position\":1,\"name\":\"Portada\",\"item\":\"https:\/\/thesimplerent.com\/blog\/\"},{\"@type\":\"ListItem\",\"position\":2,\"name\":\"C\u00f3mo preparar tu vivienda para alquilarla m\u00e1s r\u00e1pido despu\u00e9s del verano\"}]},{\"@type\":\"Article\",\"@id\":\"https:\/\/thesimplerent.com\/blog\/como-preparar-tu-vivienda-para-alquilarla-mas-rapido-despues-del-verano\/#article\",\"isPartOf\":{\"@id\":\"https:\/\/thesimplerent.com\/blog\/como-preparar-tu-vivienda-para-alquilarla-mas-rapido-despues-del-verano\/\"},\"author\":{\"name\":\"The Simple Rent\",\"@id\":\"https:\/\/thesimplerent.com\/blog\/#\/schema\/person\/f78c5bf3d056f232aaf4aa9978364db2\"},\"headline\":\"C\u00f3mo preparar tu vivienda para alquilarla m\u00e1s r\u00e1pido despu\u00e9s del verano\",\"datePublished\":\"2026-09-03T13:06:11+00:00\",\"dateModified\":\"2026-09-04T15:00:09+00:00\",\"mainEntityOfPage\":{\"@id\":\"https:\/\/thesimplerent.com\/blog\/como-preparar-tu-vivienda-para-alquilarla-mas-rapido-despues-del-verano\/\"},\"wordCount\":841,\"publisher\":{\"@id\":\"https:\/\/thesimplerent.com\/blog\/#organization\"},\"image\":{\"@id\":\"https:\/\/thesimplerent.com\/blog\/como-preparar-tu-vivienda-para-alquilarla-mas-rapido-despues-del-verano\/#primaryimage\"},\"thumbnailUrl\":\"https:\/\/thesimplerent.com\/blog\/wp-content\/uploads\/2026\/09\/pexels-thephotosaccount-30613497-scaled.jpg\",\"articleSection\":[\"Real Estate\"],\"inLanguage\":\"es\"},{\"@type\":\"Person\",\"@id\":\"https:\/\/thesimplerent.com\/blog\/#\/schema\/person\/f78c5bf3d056f232aaf4aa9978364db2\",\"name\":\"The Simple Rent\",\"image\":{\"@type\":\"ImageObject\",\"inLanguage\":\"es\",\"@id\":\"https:\/\/thesimplerent.com\/blog\/#\/schema\/person\/image\/\",\"url\":\"https:\/\/secure.gravatar.com\/avatar\/568643673988fe28c01351b530bfa3e4bfbe9b15db37595c946998f7e48447ba?s=96&d=mm&r=g\",\"contentUrl\":\"https:\/\/secure.gravatar.com\/avatar\/568643673988fe28c01351b530bfa3e4bfbe9b15db37595c946998f7e48447ba?s=96&d=mm&r=g\",\"caption\":\"The Simple Rent\"},\"url\":\"https:\/\/thesimplerent.com\/blog\/author\/comunicacion\/\"}]}<\/script>\n<!-- \/ Yoast SEO plugin. -->","yoast_head_json":{"title":"C\u00f3mo preparar tu vivienda para alquilarla m\u00e1s r\u00e1pido despu\u00e9s del verano - The Simple Rent Blog","robots":{"index":"index","follow":"follow","max-snippet":"max-snippet:-1","max-image-preview":"max-image-preview:large","max-video-preview":"max-video-preview:-1"},"canonical":"https:\/\/thesimplerent.com\/blog\/como-preparar-tu-vivienda-para-alquilarla-mas-rapido-despues-del-verano\/","og_locale":"es_ES","og_type":"article","og_title":"C\u00f3mo preparar tu vivienda para alquilarla m\u00e1s r\u00e1pido despu\u00e9s del verano - The Simple Rent Blog","og_description":"El final del verano marca uno de los picos de mayor demanda en el mercado inmobiliario de alquiler. Septiembre y octubre concentran el traslado de profesionales que cambian de ciudad,&#46;&#46;&#46;","og_url":"https:\/\/thesimplerent.com\/blog\/como-preparar-tu-vivienda-para-alquilarla-mas-rapido-despues-del-verano\/","og_site_name":"The Simple Rent Blog","article_published_time":"2026-09-03T13:06:11+00:00","article_modified_time":"2026-09-04T15:00:09+00:00","og_image":[{"width":2560,"height":1707,"url":"https:\/\/thesimplerent.com\/blog\/wp-content\/uploads\/2026\/09\/pexels-thephotosaccount-30613497-scaled.jpg","type":"image\/jpeg"}],"author":"The Simple Rent","twitter_card":"summary_large_image","twitter_misc":{"Escrito por":"The Simple Rent","Tiempo de lectura":"4 minutos"},"schema":{"@context":"https:\/\/schema.org","@graph":[{"@type":"Organization","@id":"https:\/\/thesimplerent.com\/blog\/#organization","name":"The Simple Rent Blog","url":"https:\/\/thesimplerent.com\/blog\/","sameAs":[],"logo":{"@type":"ImageObject","inLanguage":"es","@id":"https:\/\/thesimplerent.com\/blog\/#\/schema\/logo\/image\/","url":"https:\/\/thesimplerent.com\/blog\/wp-content\/uploads\/2022\/07\/logo-tsr-blue.svg","contentUrl":"https:\/\/thesimplerent.com\/blog\/wp-content\/uploads\/2022\/07\/logo-tsr-blue.svg","width":400,"height":100,"caption":"The Simple Rent Blog"},"image":{"@id":"https:\/\/thesimplerent.com\/blog\/#\/schema\/logo\/image\/"}},{"@type":"WebSite","@id":"https:\/\/thesimplerent.com\/blog\/#website","url":"https:\/\/thesimplerent.com\/blog\/","name":"The Simple Rent Blog","description":"Descubre Las \u00daltimas Noticias de TSR","publisher":{"@id":"https:\/\/thesimplerent.com\/blog\/#organization"},"potentialAction":[{"@type":"SearchAction","target":{"@type":"EntryPoint","urlTemplate":"https:\/\/thesimplerent.com\/blog\/?s={search_term_string}"},"query-input":"required name=search_term_string"}],"inLanguage":"es"},{"@type":"ImageObject","inLanguage":"es","@id":"https:\/\/thesimplerent.com\/blog\/como-preparar-tu-vivienda-para-alquilarla-mas-rapido-despues-del-verano\/#primaryimage","url":"https:\/\/thesimplerent.com\/blog\/wp-content\/uploads\/2026\/09\/pexels-thephotosaccount-30613497-scaled.jpg","contentUrl":"https:\/\/thesimplerent.com\/blog\/wp-content\/uploads\/2026\/09\/pexels-thephotosaccount-30613497-scaled.jpg","width":2560,"height":1707},{"@type":"WebPage","@id":"https:\/\/thesimplerent.com\/blog\/como-preparar-tu-vivienda-para-alquilarla-mas-rapido-despues-del-verano\/","url":"https:\/\/thesimplerent.com\/blog\/como-preparar-tu-vivienda-para-alquilarla-mas-rapido-despues-del-verano\/","name":"C\u00f3mo preparar tu vivienda para alquilarla m\u00e1s r\u00e1pido despu\u00e9s del verano - The Simple Rent Blog","isPartOf":{"@id":"https:\/\/thesimplerent.com\/blog\/#website"},"primaryImageOfPage":{"@id":"https:\/\/thesimplerent.com\/blog\/como-preparar-tu-vivienda-para-alquilarla-mas-rapido-despues-del-verano\/#primaryimage"},"datePublished":"2026-09-03T13:06:11+00:00","dateModified":"2026-09-04T15:00:09+00:00","breadcrumb":{"@id":"https:\/\/thesimplerent.com\/blog\/como-preparar-tu-vivienda-para-alquilarla-mas-rapido-despues-del-verano\/#breadcrumb"},"inLanguage":"es","potentialAction":[{"@type":"ReadAction","target":["https:\/\/thesimplerent.com\/blog\/como-preparar-tu-vivienda-para-alquilarla-mas-rapido-despues-del-verano\/"]}]},{"@type":"BreadcrumbList","@id":"https:\/\/thesimplerent.com\/blog\/como-preparar-tu-vivienda-para-alquilarla-mas-rapido-despues-del-verano\/#breadcrumb","itemListElement":[{"@type":"ListItem","position":1,"name":"Portada","item":"https:\/\/thesimplerent.com\/blog\/"},{"@type":"ListItem","position":2,"name":"C\u00f3mo preparar tu vivienda para alquilarla m\u00e1s r\u00e1pido despu\u00e9s del verano"}]},{"@type":"Article","@id":"https:\/\/thesimplerent.com\/blog\/como-preparar-tu-vivienda-para-alquilarla-mas-rapido-despues-del-verano\/#article","isPartOf":{"@id":"https:\/\/thesimplerent.com\/blog\/como-preparar-tu-vivienda-para-alquilarla-mas-rapido-despues-del-verano\/"},"author":{"name":"The Simple Rent","@id":"https:\/\/thesimplerent.com\/blog\/#\/schema\/person\/f78c5bf3d056f232aaf4aa9978364db2"},"headline":"C\u00f3mo preparar tu vivienda para alquilarla m\u00e1s r\u00e1pido despu\u00e9s del verano","datePublished":"2026-09-03T13:06:11+00:00","dateModified":"2026-09-04T15:00:09+00:00","mainEntityOfPage":{"@id":"https:\/\/thesimplerent.com\/blog\/como-preparar-tu-vivienda-para-alquilarla-mas-rapido-despues-del-verano\/"},"wordCount":841,"publisher":{"@id":"https:\/\/thesimplerent.com\/blog\/#organization"},"image":{"@id":"https:\/\/thesimplerent.com\/blog\/como-preparar-tu-vivienda-para-alquilarla-mas-rapido-despues-del-verano\/#primaryimage"},"thumbnailUrl":"https:\/\/thesimplerent.com\/blog\/wp-content\/uploads\/2026\/09\/pexels-thephotosaccount-30613497-scaled.jpg","articleSection":["Real Estate"],"inLanguage":"es"},{"@type":"Person","@id":"https:\/\/thesimplerent.com\/blog\/#\/schema\/person\/f78c5bf3d056f232aaf4aa9978364db2","name":"The Simple Rent","image":{"@type":"ImageObject","inLanguage":"es","@id":"https:\/\/thesimplerent.com\/blog\/#\/schema\/person\/image\/","url":"https:\/\/secure.gravatar.com\/avatar\/568643673988fe28c01351b530bfa3e4bfbe9b15db37595c946998f7e48447ba?s=96&d=mm&r=g","contentUrl":"https:\/\/secure.gravatar.com\/avatar\/568643673988fe28c01351b530bfa3e4bfbe9b15db37595c946998f7e48447ba?s=96&d=mm&r=g","caption":"The Simple Rent"},"url":"https:\/\/thesimplerent.com\/blog\/author\/comunicacion\/"}]}},"_links":{"self":[{"href":"https:\/\/thesimplerent.com\/blog\/wp-json\/wp\/v2\/posts\/22855","targetHints":{"allow":["GET"]}}],"collection":[{"href":"https:\/\/thesimplerent.com\/blog\/wp-json\/wp\/v2\/posts"}],"about":[{"href":"https:\/\/thesimplerent.com\/blog\/wp-json\/wp\/v2\/types\/post"}],"author":[{"embeddable":true,"href":"https:\/\/thesimplerent.com\/blog\/wp-json\/wp\/v2\/users\/2"}],"replies":[{"embeddable":true,"href":"https:\/\/thesimplerent.com\/blog\/wp-json\/wp\/v2\/comments?post=22855"}],"version-history":[{"count":6,"href":"https:\/\/thesimplerent.com\/blog\/wp-json\/wp\/v2\/posts\/22855\/revisions"}],"predecessor-version":[{"id":22864,"href":"https:\/\/thesimplerent.com\/blog\/wp-json\/wp\/v2\/posts\/22855\/revisions\/22864"}],"wp:featuredmedia":[{"embeddable":true,"href":"https:\/\/thesimplerent.com\/blog\/wp-json\/wp\/v2\/media\/22857"}],"wp:attachment":[{"href":"https:\/\/thesimplerent.com\/blog\/wp-json\/wp\/v2\/media?parent=22855"}],"wp:term":[{"taxonomy":"category","embeddable":true,"href":"https:\/\/thesimplerent.com\/blog\/wp-json\/wp\/v2\/categories?post=22855"},{"taxonomy":"post_tag","embeddable":true,"href":"https:\/\/thesimplerent.com\/blog\/wp-json\/wp\/v2\/tags?post=22855"}],"curies":[{"name":"wp","href":"https:\/\/api.w.org\/{rel}","templated":true}]}}