{"id":2246,"date":"2021-07-08T16:09:07","date_gmt":"2021-07-08T16:09:07","guid":{"rendered":"https:\/\/thesimplerent.com\/blog\/?p=2246"},"modified":"2021-07-08T16:09:07","modified_gmt":"2021-07-08T16:09:07","slug":"aniversario-del-evento-de-gala-forbes-i-marbella","status":"publish","type":"post","link":"https:\/\/thesimplerent.com\/blog\/aniversario-del-evento-de-gala-forbes-i-marbella\/","title":{"rendered":"Aniversario del Evento de Gala Forbes I Marbella"},"content":{"rendered":"<h3><strong>The Simple Rent fue invitado hace un a\u00f1o\u00a0a la Cena de Gala Forbes en Marbella.<\/strong><\/h3>\n<h4>Lujo, \u00e9xito, personalidades destacadas y reconocimiento en un evento tan \u00fanico como exclusivo.<\/h4>\n<p>Orgullosos de haber formado parte de los invitados en este evento \u00fanico de Forbes en el que tienen presencia las <strong>principales y m\u00e1s destacadas empresas y personalidades.<\/strong><\/p>\n<p><img loading=\"lazy\" decoding=\"async\" class=\"aligncenter wp-image-2249\" title=\"evento\" src=\"https:\/\/tsrdemo.eisi.cc\/blog\/wp-content\/uploads\/2021\/07\/118145701_3366450886733913_2762415898249844915_o-e1625758881522-1024x542.jpg\" alt=\"evento\" width=\"521\" height=\"276\" srcset=\"https:\/\/thesimplerent.com\/blog\/wp-content\/uploads\/2021\/07\/118145701_3366450886733913_2762415898249844915_o-e1625758881522-1024x542.jpg 1024w, https:\/\/thesimplerent.com\/blog\/wp-content\/uploads\/2021\/07\/118145701_3366450886733913_2762415898249844915_o-e1625758881522-300x159.jpg 300w, https:\/\/thesimplerent.com\/blog\/wp-content\/uploads\/2021\/07\/118145701_3366450886733913_2762415898249844915_o-e1625758881522-768x406.jpg 768w, https:\/\/thesimplerent.com\/blog\/wp-content\/uploads\/2021\/07\/118145701_3366450886733913_2762415898249844915_o-e1625758881522-1536x812.jpg 1536w, https:\/\/thesimplerent.com\/blog\/wp-content\/uploads\/2021\/07\/118145701_3366450886733913_2762415898249844915_o-e1625758881522.jpg 2042w\" sizes=\"auto, (max-width: 521px) 100vw, 521px\" \/><\/p>\n<p>El evento fue en<span style=\"color: #000000;\"><strong><span style=\"color: #333399;\"><a style=\"color: #333399;\" href=\"http:\/\/www.oliviavalere.com\/\"> Olivia Valere<\/a><\/span>,<\/strong><\/span>\u00a0una de los mejores y m\u00e1s exclusivos restaurantes de Marbella. Se encuentra situado en en la milla de oro de Marbella, este incre\u00edble lugar se divide en diferentes espacios. Por un lado, un restaurante de lujo, Babilonia, que cuenta con un ambiente con una decoraci\u00f3n de estilo ex\u00f3tico \u00e1rabe, con la mejor cocina internacional.<\/p>\n<p><span style=\"color: #333399;\"><a style=\"color: #333399;\" href=\"https:\/\/www.forbes.fr\/\"><strong>Forbes<\/strong><\/a><\/span> es una revista especializada en el mundo de los negocios y las finanzas. La revista es mundialmente famosa por sus listas. Cada a\u00f1o, Forbes publica listas que despiertan gran inter\u00e9s en el \u00e1mbito de los negocios como Forbes 500.<\/p>\n<h4>Parte del equipo de The Simple Rent asisti\u00f3 a esta incre\u00edble cena de gala de la mano de nuestro socio franquiciado de <strong>Marbella<\/strong>, Jorge Ecay, el cual posee un alto reconocimiento en la zona.<\/h4>\n<p>Un evento en el que pudimos <strong>compartir conocimientos<\/strong>, vivir <strong>exclusivos momentos<\/strong> y dar a <strong>conocer nuestra marca<\/strong> entre destacadas personalidades.<\/p>\n<div id=\"attachment_2247\" style=\"width: 497px\" class=\"wp-caption aligncenter\"><img loading=\"lazy\" decoding=\"async\" aria-describedby=\"caption-attachment-2247\" class=\"wp-image-2247\" title=\"evento\" src=\"http:\/\/demo.thesimplerent.com\/wp-content\/uploads\/2021\/07\/IMG_9327-e1625759744835-1024x884.jpg\" alt=\"evento\" width=\"487\" height=\"420\" \/><p id=\"caption-attachment-2247\" class=\"wp-caption-text\">Nuestra CEO, Sonia Campuzano, junto al director de Forbes France, Dominique Busso<\/p><\/div>\n<p>2020 se ha convertido en un a\u00f1o de grandes <strong>logros<\/strong> para The Simple Rent. Este a\u00f1o <strong>2021<\/strong> nos esperan nuevos eventos, nuevos proyectos con grandes marcas, nuevas oportunidades y nuevas metas que lograr.<\/p>\n<p>En The Simple Rent\u00a0todos estamos a punto de dar un paso adelante, nos esforzamos diariamente para hacerlo y <strong>trabajamos<\/strong> cada d\u00eda para marcar la diferencia.\u00a0El \u00e9xito no es una coincidencia, est\u00e1 planeado y ejecutado\u2026 Al contrario, \u00a1esto no estaba planeado!<\/p>\n<h4><a href=\"http:\/\/www.thesimplerent.com\/franquicias\">\u00danete<\/a> a un modelo de negocio donde los l\u00edmites de crecimiento solo los marcar\u00e1s t\u00fa.<\/h4>\n","protected":false},"excerpt":{"rendered":"<p>The Simple Rent fue invitado hace un a\u00f1o\u00a0a la Cena de Gala Forbes en Marbella. Lujo, \u00e9xito, personalidades destacadas y reconocimiento en un evento tan \u00fanico como exclusivo. Orgullosos de&#46;&#46;&#46;<\/p>\n","protected":false},"author":1,"featured_media":19206,"comment_status":"closed","ping_status":"closed","sticky":false,"template":"","format":"standard","meta":{"inline_featured_image":false,"footnotes":""},"categories":[40,14],"tags":[],"class_list":["post-2246","post","type-post","status-publish","format-standard","has-post-thumbnail","hentry","category-eventos","category-exitos"],"yoast_head":"<!-- This site is optimized with the Yoast SEO plugin v19.3 - https:\/\/yoast.com\/wordpress\/plugins\/seo\/ -->\n<title>Aniversario del Evento de Gala Forbes I Marbella - The Simple Rent Blog<\/title>\n<meta name=\"description\" content=\"Lujo, \u00e9xito, personalidades destacadas y reconocimiento en un evento \u00fanico de Forbes, en el que tienen presencia las principales empresas.\" \/>\n<meta name=\"robots\" content=\"index, follow, max-snippet:-1, max-image-preview:large, max-video-preview:-1\" \/>\n<link rel=\"canonical\" href=\"https:\/\/thesimplerent.com\/blog\/aniversario-del-evento-de-gala-forbes-i-marbella\/\" \/>\n<meta property=\"og:locale\" content=\"es_ES\" \/>\n<meta property=\"og:type\" content=\"article\" \/>\n<meta property=\"og:title\" content=\"Aniversario del Evento de Gala Forbes I Marbella - The Simple Rent Blog\" \/>\n<meta property=\"og:description\" content=\"Lujo, \u00e9xito, personalidades destacadas y reconocimiento en un evento \u00fanico de Forbes, en el que tienen presencia las principales empresas.\" \/>\n<meta property=\"og:url\" content=\"https:\/\/thesimplerent.com\/blog\/aniversario-del-evento-de-gala-forbes-i-marbella\/\" \/>\n<meta property=\"og:site_name\" content=\"The Simple Rent Blog\" \/>\n<meta property=\"article:published_time\" content=\"2021-07-08T16:09:07+00:00\" \/>\n<meta property=\"og:image\" content=\"https:\/\/thesimplerent.com\/blog\/wp-content\/uploads\/2021\/07\/IMG_9383-1.jpg\" \/>\n\t<meta property=\"og:image:width\" content=\"2048\" \/>\n\t<meta property=\"og:image:height\" content=\"1365\" \/>\n\t<meta property=\"og:image:type\" content=\"image\/jpeg\" \/>\n<meta name=\"author\" content=\"AdminBlog\" \/>\n<meta name=\"twitter:card\" content=\"summary_large_image\" \/>\n<meta name=\"twitter:label1\" content=\"Escrito por\" \/>\n\t<meta name=\"twitter:data1\" content=\"AdminBlog\" \/>\n\t<meta name=\"twitter:label2\" content=\"Tiempo de lectura\" \/>\n\t<meta name=\"twitter:data2\" content=\"2 minutos\" \/>\n<script type=\"application\/ld+json\" class=\"yoast-schema-graph\">{\"@context\":\"https:\/\/schema.org\",\"@graph\":[{\"@type\":\"Organization\",\"@id\":\"https:\/\/thesimplerent.com\/blog\/#organization\",\"name\":\"The Simple Rent Blog\",\"url\":\"https:\/\/thesimplerent.com\/blog\/\",\"sameAs\":[],\"logo\":{\"@type\":\"ImageObject\",\"inLanguage\":\"es\",\"@id\":\"https:\/\/thesimplerent.com\/blog\/#\/schema\/logo\/image\/\",\"url\":\"https:\/\/thesimplerent.com\/blog\/wp-content\/uploads\/2022\/07\/logo-tsr-blue.svg\",\"contentUrl\":\"https:\/\/thesimplerent.com\/blog\/wp-content\/uploads\/2022\/07\/logo-tsr-blue.svg\",\"width\":400,\"height\":100,\"caption\":\"The Simple Rent Blog\"},\"image\":{\"@id\":\"https:\/\/thesimplerent.com\/blog\/#\/schema\/logo\/image\/\"}},{\"@type\":\"WebSite\",\"@id\":\"https:\/\/thesimplerent.com\/blog\/#website\",\"url\":\"https:\/\/thesimplerent.com\/blog\/\",\"name\":\"The Simple Rent Blog\",\"description\":\"Descubre Las \u00daltimas Noticias de TSR\",\"publisher\":{\"@id\":\"https:\/\/thesimplerent.com\/blog\/#organization\"},\"potentialAction\":[{\"@type\":\"SearchAction\",\"target\":{\"@type\":\"EntryPoint\",\"urlTemplate\":\"https:\/\/thesimplerent.com\/blog\/?s={search_term_string}\"},\"query-input\":\"required name=search_term_string\"}],\"inLanguage\":\"es\"},{\"@type\":\"ImageObject\",\"inLanguage\":\"es\",\"@id\":\"https:\/\/thesimplerent.com\/blog\/aniversario-del-evento-de-gala-forbes-i-marbella\/#primaryimage\",\"url\":\"https:\/\/thesimplerent.com\/blog\/wp-content\/uploads\/2021\/07\/IMG_9383-1.jpg\",\"contentUrl\":\"https:\/\/thesimplerent.com\/blog\/wp-content\/uploads\/2021\/07\/IMG_9383-1.jpg\",\"width\":2048,\"height\":1365},{\"@type\":\"WebPage\",\"@id\":\"https:\/\/thesimplerent.com\/blog\/aniversario-del-evento-de-gala-forbes-i-marbella\/\",\"url\":\"https:\/\/thesimplerent.com\/blog\/aniversario-del-evento-de-gala-forbes-i-marbella\/\",\"name\":\"Aniversario del Evento de Gala Forbes I Marbella - The Simple Rent Blog\",\"isPartOf\":{\"@id\":\"https:\/\/thesimplerent.com\/blog\/#website\"},\"primaryImageOfPage\":{\"@id\":\"https:\/\/thesimplerent.com\/blog\/aniversario-del-evento-de-gala-forbes-i-marbella\/#primaryimage\"},\"datePublished\":\"2021-07-08T16:09:07+00:00\",\"dateModified\":\"2021-07-08T16:09:07+00:00\",\"description\":\"Lujo, \u00e9xito, personalidades destacadas y reconocimiento en un evento \u00fanico de Forbes, en el que tienen presencia las principales empresas.\",\"breadcrumb\":{\"@id\":\"https:\/\/thesimplerent.com\/blog\/aniversario-del-evento-de-gala-forbes-i-marbella\/#breadcrumb\"},\"inLanguage\":\"es\",\"potentialAction\":[{\"@type\":\"ReadAction\",\"target\":[\"https:\/\/thesimplerent.com\/blog\/aniversario-del-evento-de-gala-forbes-i-marbella\/\"]}]},{\"@type\":\"BreadcrumbList\",\"@id\":\"https:\/\/thesimplerent.com\/blog\/aniversario-del-evento-de-gala-forbes-i-marbella\/#breadcrumb\",\"itemListElement\":[{\"@type\":\"ListItem\",\"position\":1,\"name\":\"Portada\",\"item\":\"https:\/\/thesimplerent.com\/blog\/\"},{\"@type\":\"ListItem\",\"position\":2,\"name\":\"Aniversario del Evento de Gala Forbes I Marbella\"}]},{\"@type\":\"Article\",\"@id\":\"https:\/\/thesimplerent.com\/blog\/aniversario-del-evento-de-gala-forbes-i-marbella\/#article\",\"isPartOf\":{\"@id\":\"https:\/\/thesimplerent.com\/blog\/aniversario-del-evento-de-gala-forbes-i-marbella\/\"},\"author\":{\"name\":\"AdminBlog\",\"@id\":\"https:\/\/thesimplerent.com\/blog\/#\/schema\/person\/7af79d6d0790e28bd2f0cd82f354bab2\"},\"headline\":\"Aniversario del Evento de Gala Forbes I Marbella\",\"datePublished\":\"2021-07-08T16:09:07+00:00\",\"dateModified\":\"2021-07-08T16:09:07+00:00\",\"mainEntityOfPage\":{\"@id\":\"https:\/\/thesimplerent.com\/blog\/aniversario-del-evento-de-gala-forbes-i-marbella\/\"},\"wordCount\":338,\"publisher\":{\"@id\":\"https:\/\/thesimplerent.com\/blog\/#organization\"},\"image\":{\"@id\":\"https:\/\/thesimplerent.com\/blog\/aniversario-del-evento-de-gala-forbes-i-marbella\/#primaryimage\"},\"thumbnailUrl\":\"https:\/\/thesimplerent.com\/blog\/wp-content\/uploads\/2021\/07\/IMG_9383-1.jpg\",\"articleSection\":[\"Eventos\",\"\u00c9xitos\"],\"inLanguage\":\"es\"},{\"@type\":\"Person\",\"@id\":\"https:\/\/thesimplerent.com\/blog\/#\/schema\/person\/7af79d6d0790e28bd2f0cd82f354bab2\",\"name\":\"AdminBlog\",\"image\":{\"@type\":\"ImageObject\",\"inLanguage\":\"es\",\"@id\":\"https:\/\/thesimplerent.com\/blog\/#\/schema\/person\/image\/\",\"url\":\"https:\/\/secure.gravatar.com\/avatar\/3bf77b01bcb3a836d17fc390d8e0e03c646d8e833a3babf90a9f520086a3ea1b?s=96&d=mm&r=g\",\"contentUrl\":\"https:\/\/secure.gravatar.com\/avatar\/3bf77b01bcb3a836d17fc390d8e0e03c646d8e833a3babf90a9f520086a3ea1b?s=96&d=mm&r=g\",\"caption\":\"AdminBlog\"},\"sameAs\":[\"https:\/\/tsrdemo.eisi.cc\/blog\"],\"url\":\"https:\/\/thesimplerent.com\/blog\/author\/adminblog\/\"}]}<\/script>\n<!-- \/ Yoast SEO plugin. -->","yoast_head_json":{"title":"Aniversario del Evento de Gala Forbes I Marbella - The Simple Rent Blog","description":"Lujo, \u00e9xito, personalidades destacadas y reconocimiento en un evento \u00fanico de Forbes, en el que tienen presencia las principales empresas.","robots":{"index":"index","follow":"follow","max-snippet":"max-snippet:-1","max-image-preview":"max-image-preview:large","max-video-preview":"max-video-preview:-1"},"canonical":"https:\/\/thesimplerent.com\/blog\/aniversario-del-evento-de-gala-forbes-i-marbella\/","og_locale":"es_ES","og_type":"article","og_title":"Aniversario del Evento de Gala Forbes I Marbella - The Simple Rent Blog","og_description":"Lujo, \u00e9xito, personalidades destacadas y reconocimiento en un evento \u00fanico de Forbes, en el que tienen presencia las principales empresas.","og_url":"https:\/\/thesimplerent.com\/blog\/aniversario-del-evento-de-gala-forbes-i-marbella\/","og_site_name":"The Simple Rent Blog","article_published_time":"2021-07-08T16:09:07+00:00","og_image":[{"width":2048,"height":1365,"url":"https:\/\/thesimplerent.com\/blog\/wp-content\/uploads\/2021\/07\/IMG_9383-1.jpg","type":"image\/jpeg"}],"author":"AdminBlog","twitter_card":"summary_large_image","twitter_misc":{"Escrito por":"AdminBlog","Tiempo de lectura":"2 minutos"},"schema":{"@context":"https:\/\/schema.org","@graph":[{"@type":"Organization","@id":"https:\/\/thesimplerent.com\/blog\/#organization","name":"The Simple Rent Blog","url":"https:\/\/thesimplerent.com\/blog\/","sameAs":[],"logo":{"@type":"ImageObject","inLanguage":"es","@id":"https:\/\/thesimplerent.com\/blog\/#\/schema\/logo\/image\/","url":"https:\/\/thesimplerent.com\/blog\/wp-content\/uploads\/2022\/07\/logo-tsr-blue.svg","contentUrl":"https:\/\/thesimplerent.com\/blog\/wp-content\/uploads\/2022\/07\/logo-tsr-blue.svg","width":400,"height":100,"caption":"The Simple Rent Blog"},"image":{"@id":"https:\/\/thesimplerent.com\/blog\/#\/schema\/logo\/image\/"}},{"@type":"WebSite","@id":"https:\/\/thesimplerent.com\/blog\/#website","url":"https:\/\/thesimplerent.com\/blog\/","name":"The Simple Rent Blog","description":"Descubre Las \u00daltimas Noticias de TSR","publisher":{"@id":"https:\/\/thesimplerent.com\/blog\/#organization"},"potentialAction":[{"@type":"SearchAction","target":{"@type":"EntryPoint","urlTemplate":"https:\/\/thesimplerent.com\/blog\/?s={search_term_string}"},"query-input":"required name=search_term_string"}],"inLanguage":"es"},{"@type":"ImageObject","inLanguage":"es","@id":"https:\/\/thesimplerent.com\/blog\/aniversario-del-evento-de-gala-forbes-i-marbella\/#primaryimage","url":"https:\/\/thesimplerent.com\/blog\/wp-content\/uploads\/2021\/07\/IMG_9383-1.jpg","contentUrl":"https:\/\/thesimplerent.com\/blog\/wp-content\/uploads\/2021\/07\/IMG_9383-1.jpg","width":2048,"height":1365},{"@type":"WebPage","@id":"https:\/\/thesimplerent.com\/blog\/aniversario-del-evento-de-gala-forbes-i-marbella\/","url":"https:\/\/thesimplerent.com\/blog\/aniversario-del-evento-de-gala-forbes-i-marbella\/","name":"Aniversario del Evento de Gala Forbes I Marbella - The Simple Rent Blog","isPartOf":{"@id":"https:\/\/thesimplerent.com\/blog\/#website"},"primaryImageOfPage":{"@id":"https:\/\/thesimplerent.com\/blog\/aniversario-del-evento-de-gala-forbes-i-marbella\/#primaryimage"},"datePublished":"2021-07-08T16:09:07+00:00","dateModified":"2021-07-08T16:09:07+00:00","description":"Lujo, \u00e9xito, personalidades destacadas y reconocimiento en un evento \u00fanico de Forbes, en el que tienen presencia las principales empresas.","breadcrumb":{"@id":"https:\/\/thesimplerent.com\/blog\/aniversario-del-evento-de-gala-forbes-i-marbella\/#breadcrumb"},"inLanguage":"es","potentialAction":[{"@type":"ReadAction","target":["https:\/\/thesimplerent.com\/blog\/aniversario-del-evento-de-gala-forbes-i-marbella\/"]}]},{"@type":"BreadcrumbList","@id":"https:\/\/thesimplerent.com\/blog\/aniversario-del-evento-de-gala-forbes-i-marbella\/#breadcrumb","itemListElement":[{"@type":"ListItem","position":1,"name":"Portada","item":"https:\/\/thesimplerent.com\/blog\/"},{"@type":"ListItem","position":2,"name":"Aniversario del Evento de Gala Forbes I Marbella"}]},{"@type":"Article","@id":"https:\/\/thesimplerent.com\/blog\/aniversario-del-evento-de-gala-forbes-i-marbella\/#article","isPartOf":{"@id":"https:\/\/thesimplerent.com\/blog\/aniversario-del-evento-de-gala-forbes-i-marbella\/"},"author":{"name":"AdminBlog","@id":"https:\/\/thesimplerent.com\/blog\/#\/schema\/person\/7af79d6d0790e28bd2f0cd82f354bab2"},"headline":"Aniversario del Evento de Gala Forbes I Marbella","datePublished":"2021-07-08T16:09:07+00:00","dateModified":"2021-07-08T16:09:07+00:00","mainEntityOfPage":{"@id":"https:\/\/thesimplerent.com\/blog\/aniversario-del-evento-de-gala-forbes-i-marbella\/"},"wordCount":338,"publisher":{"@id":"https:\/\/thesimplerent.com\/blog\/#organization"},"image":{"@id":"https:\/\/thesimplerent.com\/blog\/aniversario-del-evento-de-gala-forbes-i-marbella\/#primaryimage"},"thumbnailUrl":"https:\/\/thesimplerent.com\/blog\/wp-content\/uploads\/2021\/07\/IMG_9383-1.jpg","articleSection":["Eventos","\u00c9xitos"],"inLanguage":"es"},{"@type":"Person","@id":"https:\/\/thesimplerent.com\/blog\/#\/schema\/person\/7af79d6d0790e28bd2f0cd82f354bab2","name":"AdminBlog","image":{"@type":"ImageObject","inLanguage":"es","@id":"https:\/\/thesimplerent.com\/blog\/#\/schema\/person\/image\/","url":"https:\/\/secure.gravatar.com\/avatar\/3bf77b01bcb3a836d17fc390d8e0e03c646d8e833a3babf90a9f520086a3ea1b?s=96&d=mm&r=g","contentUrl":"https:\/\/secure.gravatar.com\/avatar\/3bf77b01bcb3a836d17fc390d8e0e03c646d8e833a3babf90a9f520086a3ea1b?s=96&d=mm&r=g","caption":"AdminBlog"},"sameAs":["https:\/\/tsrdemo.eisi.cc\/blog"],"url":"https:\/\/thesimplerent.com\/blog\/author\/adminblog\/"}]}},"_links":{"self":[{"href":"https:\/\/thesimplerent.com\/blog\/wp-json\/wp\/v2\/posts\/2246","targetHints":{"allow":["GET"]}}],"collection":[{"href":"https:\/\/thesimplerent.com\/blog\/wp-json\/wp\/v2\/posts"}],"about":[{"href":"https:\/\/thesimplerent.com\/blog\/wp-json\/wp\/v2\/types\/post"}],"author":[{"embeddable":true,"href":"https:\/\/thesimplerent.com\/blog\/wp-json\/wp\/v2\/users\/1"}],"replies":[{"embeddable":true,"href":"https:\/\/thesimplerent.com\/blog\/wp-json\/wp\/v2\/comments?post=2246"}],"version-history":[{"count":0,"href":"https:\/\/thesimplerent.com\/blog\/wp-json\/wp\/v2\/posts\/2246\/revisions"}],"wp:featuredmedia":[{"embeddable":true,"href":"https:\/\/thesimplerent.com\/blog\/wp-json\/wp\/v2\/media\/19206"}],"wp:attachment":[{"href":"https:\/\/thesimplerent.com\/blog\/wp-json\/wp\/v2\/media?parent=2246"}],"wp:term":[{"taxonomy":"category","embeddable":true,"href":"https:\/\/thesimplerent.com\/blog\/wp-json\/wp\/v2\/categories?post=2246"},{"taxonomy":"post_tag","embeddable":true,"href":"https:\/\/thesimplerent.com\/blog\/wp-json\/wp\/v2\/tags?post=2246"}],"curies":[{"name":"wp","href":"https:\/\/api.w.org\/{rel}","templated":true}]}}