{"id":22232,"date":"2025-08-26T15:02:46","date_gmt":"2025-08-26T15:02:46","guid":{"rendered":"https:\/\/thesimplerent.com\/blog\/?p=22232"},"modified":"2025-08-26T15:02:47","modified_gmt":"2025-08-26T15:02:47","slug":"entrevista-en-tve-el-alquiler-para-estudiantes-en-espana-en-2025","status":"publish","type":"post","link":"https:\/\/thesimplerent.com\/blog\/entrevista-en-tve-el-alquiler-para-estudiantes-en-espana-en-2025\/","title":{"rendered":"Entrevista en TVE: El alquiler para estudiantes en Espa\u00f1a en 2025"},"content":{"rendered":"\t\t<div data-elementor-type=\"wp-post\" data-elementor-id=\"22232\" class=\"elementor elementor-22232\">\n\t\t\t\t\t\t\t\t\t<section class=\"elementor-section elementor-top-section elementor-element elementor-element-06b898d elementor-section-boxed elementor-section-height-default elementor-section-height-default\" data-id=\"06b898d\" data-element_type=\"section\">\n\t\t\t\t\t\t<div class=\"elementor-container elementor-column-gap-default\">\n\t\t\t\t\t<div class=\"elementor-column elementor-col-100 elementor-top-column elementor-element elementor-element-bed91f7\" data-id=\"bed91f7\" data-element_type=\"column\">\n\t\t\t<div class=\"elementor-widget-wrap elementor-element-populated\">\n\t\t\t\t\t\t\t\t<div class=\"elementor-element elementor-element-26fc0cd elementor-widget elementor-widget-text-editor\" data-id=\"26fc0cd\" data-element_type=\"widget\" data-widget_type=\"text-editor.default\">\n\t\t\t\t<div class=\"elementor-widget-container\">\n\t\t\t<style>\/*! elementor - v3.6.7 - 03-07-2022 *\/\n.elementor-widget-text-editor.elementor-drop-cap-view-stacked .elementor-drop-cap{background-color:#818a91;color:#fff}.elementor-widget-text-editor.elementor-drop-cap-view-framed .elementor-drop-cap{color:#818a91;border:3px solid;background-color:transparent}.elementor-widget-text-editor:not(.elementor-drop-cap-view-default) .elementor-drop-cap{margin-top:8px}.elementor-widget-text-editor:not(.elementor-drop-cap-view-default) .elementor-drop-cap-letter{width:1em;height:1em}.elementor-widget-text-editor .elementor-drop-cap{float:left;text-align:center;line-height:1;font-size:50px}.elementor-widget-text-editor .elementor-drop-cap-letter{display:inline-block}<\/style>\t\t\t\t<h5>Gracias a TVE por contar con The Simple Rent como expertos en alquileres en toda Espa\u00f1a<\/h5>\t\t\t\t\t\t<\/div>\n\t\t\t\t<\/div>\n\t\t\t\t\t<\/div>\n\t\t<\/div>\n\t\t\t\t\t\t\t<\/div>\n\t\t<\/section>\n\t\t\t\t<section class=\"elementor-section elementor-top-section elementor-element elementor-element-4656f13 elementor-section-boxed elementor-section-height-default elementor-section-height-default\" data-id=\"4656f13\" data-element_type=\"section\">\n\t\t\t\t\t\t<div class=\"elementor-container elementor-column-gap-default\">\n\t\t\t\t\t<div class=\"elementor-column elementor-col-100 elementor-top-column elementor-element elementor-element-241b6d5\" data-id=\"241b6d5\" data-element_type=\"column\">\n\t\t\t<div class=\"elementor-widget-wrap elementor-element-populated\">\n\t\t\t\t\t\t\t\t<div class=\"elementor-element elementor-element-bbe0376 elementor-widget elementor-widget-text-editor\" data-id=\"bbe0376\" data-element_type=\"widget\" data-widget_type=\"text-editor.default\">\n\t\t\t\t<div class=\"elementor-widget-container\">\n\t\t\t\t\t\t\t<p data-start=\"423\" data-end=\"667\">El mercado del alquiler para estudiantes vive un momento clave en Espa\u00f1a. Cada a\u00f1o, miles de j\u00f3venes se trasladan a nuevas ciudades para continuar con sus estudios universitarios, y encontrar vivienda se convierte en uno de los grandes retos.<\/p><p data-start=\"669\" data-end=\"995\">TVE ha querido profundizar en esta realidad y ha contado con <strong data-start=\"730\" data-end=\"749\">The Simple Rent<\/strong> como referente en gesti\u00f3n de alquileres en toda Espa\u00f1a. En esta entrevista, analizamos los precios actuales, las caracter\u00edsticas m\u00e1s buscadas y c\u00f3mo desde nuestra red ayudamos a estudiantes y propietarios a conectar de forma segura y sencilla.<\/p>\t\t\t\t\t\t<\/div>\n\t\t\t\t<\/div>\n\t\t\t\t\t<\/div>\n\t\t<\/div>\n\t\t\t\t\t\t\t<\/div>\n\t\t<\/section>\n\t\t\t\t<section class=\"elementor-section elementor-top-section elementor-element elementor-element-e530897 elementor-section-boxed elementor-section-height-default elementor-section-height-default\" data-id=\"e530897\" data-element_type=\"section\">\n\t\t\t\t\t\t<div class=\"elementor-container elementor-column-gap-default\">\n\t\t\t\t\t<div class=\"elementor-column elementor-col-100 elementor-top-column elementor-element elementor-element-4078d27\" data-id=\"4078d27\" data-element_type=\"column\">\n\t\t\t<div class=\"elementor-widget-wrap elementor-element-populated\">\n\t\t\t\t\t\t\t\t<div class=\"elementor-element elementor-element-a814183 elementor-widget elementor-widget-image\" data-id=\"a814183\" data-element_type=\"widget\" data-widget_type=\"image.default\">\n\t\t\t\t<div class=\"elementor-widget-container\">\n\t\t\t<style>\/*! elementor - v3.6.7 - 03-07-2022 *\/\n.elementor-widget-image{text-align:center}.elementor-widget-image a{display:inline-block}.elementor-widget-image a img[src$=\".svg\"]{width:48px}.elementor-widget-image img{vertical-align:middle;display:inline-block}<\/style>\t\t\t\t\t\t\t\t\t\t\t\t<img loading=\"lazy\" decoding=\"async\" width=\"1024\" height=\"752\" src=\"https:\/\/thesimplerent.com\/blog\/wp-content\/uploads\/2025\/08\/Captura-de-pantalla-2025-08-26-a-las-17.01.31-1024x752.png\" class=\"attachment-large size-large\" alt=\"\" srcset=\"https:\/\/thesimplerent.com\/blog\/wp-content\/uploads\/2025\/08\/Captura-de-pantalla-2025-08-26-a-las-17.01.31-1024x752.png 1024w, https:\/\/thesimplerent.com\/blog\/wp-content\/uploads\/2025\/08\/Captura-de-pantalla-2025-08-26-a-las-17.01.31-300x220.png 300w, https:\/\/thesimplerent.com\/blog\/wp-content\/uploads\/2025\/08\/Captura-de-pantalla-2025-08-26-a-las-17.01.31-768x564.png 768w, https:\/\/thesimplerent.com\/blog\/wp-content\/uploads\/2025\/08\/Captura-de-pantalla-2025-08-26-a-las-17.01.31.png 1476w\" sizes=\"auto, (max-width: 1024px) 100vw, 1024px\" \/>\t\t\t\t\t\t\t\t\t\t\t\t\t\t\t<\/div>\n\t\t\t\t<\/div>\n\t\t\t\t\t<\/div>\n\t\t<\/div>\n\t\t\t\t\t\t\t<\/div>\n\t\t<\/section>\n\t\t\t\t<section class=\"elementor-section elementor-top-section elementor-element elementor-element-2edf4ce elementor-section-boxed elementor-section-height-default elementor-section-height-default\" data-id=\"2edf4ce\" data-element_type=\"section\">\n\t\t\t\t\t\t<div class=\"elementor-container elementor-column-gap-default\">\n\t\t\t\t\t<div class=\"elementor-column elementor-col-100 elementor-top-column elementor-element elementor-element-19e4386\" data-id=\"19e4386\" data-element_type=\"column\">\n\t\t\t<div class=\"elementor-widget-wrap elementor-element-populated\">\n\t\t\t\t\t\t\t\t<div class=\"elementor-element elementor-element-3ee38ce elementor-widget elementor-widget-text-editor\" data-id=\"3ee38ce\" data-element_type=\"widget\" data-widget_type=\"text-editor.default\">\n\t\t\t\t<div class=\"elementor-widget-container\">\n\t\t\t\t\t\t\t<h4 data-start=\"1002\" data-end=\"1069\">\u00bfC\u00f3mo est\u00e1n los precios del alquiler para estudiantes en 2025?<\/h4><p data-start=\"1071\" data-end=\"1530\">Los precios han experimentado un incremento en los \u00faltimos a\u00f1os, en l\u00ednea con la subida general del mercado. Hoy en d\u00eda, el coste medio de una habitaci\u00f3n para estudiantes oscila entre <strong data-start=\"1255\" data-end=\"1281\">300 y 550 euros al mes<\/strong>, dependiendo de la ciudad y de la cercan\u00eda a campus universitarios.<\/p><p data-start=\"1071\" data-end=\"1530\"><br data-start=\"1349\" data-end=\"1352\" \/>En capitales como <strong data-start=\"1370\" data-end=\"1392\">Madrid o Barcelona<\/strong>, los precios pueden superar esa horquilla, mientras que en ciudades medianas o del sur peninsular la oferta sigue siendo m\u00e1s asequible.<\/p>\t\t\t\t\t\t<\/div>\n\t\t\t\t<\/div>\n\t\t\t\t\t<\/div>\n\t\t<\/div>\n\t\t\t\t\t\t\t<\/div>\n\t\t<\/section>\n\t\t\t\t<section class=\"elementor-section elementor-top-section elementor-element elementor-element-b854625 elementor-section-boxed elementor-section-height-default elementor-section-height-default\" data-id=\"b854625\" data-element_type=\"section\">\n\t\t\t\t\t\t<div class=\"elementor-container elementor-column-gap-default\">\n\t\t\t\t\t<div class=\"elementor-column elementor-col-100 elementor-top-column elementor-element elementor-element-e1a26bd\" data-id=\"e1a26bd\" data-element_type=\"column\">\n\t\t\t<div class=\"elementor-widget-wrap elementor-element-populated\">\n\t\t\t\t\t\t\t\t<div class=\"elementor-element elementor-element-932f2ca elementor-widget elementor-widget-text-editor\" data-id=\"932f2ca\" data-element_type=\"widget\" data-widget_type=\"text-editor.default\">\n\t\t\t\t<div class=\"elementor-widget-container\">\n\t\t\t\t\t\t\t<h4 data-start=\"1537\" data-end=\"1614\">\u00bfQu\u00e9 caracter\u00edsticas buscan los estudiantes en una vivienda de alquiler?<\/h4><p data-start=\"1616\" data-end=\"1664\">Lo que m\u00e1s valoran los estudiantes en 2025 es:<\/p><ul data-start=\"1665\" data-end=\"2056\"><li data-start=\"1665\" data-end=\"1779\"><p data-start=\"1667\" data-end=\"1779\"><strong data-start=\"1667\" data-end=\"1695\">Conectividad y ubicaci\u00f3n<\/strong>: estar cerca de las universidades o con buena comunicaci\u00f3n de transporte p\u00fablico.<\/p><\/li><li data-start=\"1780\" data-end=\"1895\"><p data-start=\"1782\" data-end=\"1895\"><strong data-start=\"1782\" data-end=\"1821\">Espacios compartidos bien equipados<\/strong>: cocinas funcionales, salones amplios y zonas comunes donde socializar.<\/p><\/li><li data-start=\"1896\" data-end=\"1957\"><p data-start=\"1898\" data-end=\"1957\"><strong data-start=\"1898\" data-end=\"1921\">Internet de calidad<\/strong>: hoy es un factor imprescindible.<\/p><\/li><li data-start=\"1958\" data-end=\"2056\"><p data-start=\"1960\" data-end=\"2056\"><strong data-start=\"1960\" data-end=\"1999\">Seguridad y confianza en la gesti\u00f3n<\/strong>: tranquilidad tanto para ellos como para sus familias.<\/p><\/li><\/ul>\t\t\t\t\t\t<\/div>\n\t\t\t\t<\/div>\n\t\t\t\t\t<\/div>\n\t\t<\/div>\n\t\t\t\t\t\t\t<\/div>\n\t\t<\/section>\n\t\t\t\t<section class=\"elementor-section elementor-top-section elementor-element elementor-element-7ce31a1 elementor-section-boxed elementor-section-height-default elementor-section-height-default\" data-id=\"7ce31a1\" data-element_type=\"section\">\n\t\t\t\t\t\t<div class=\"elementor-container elementor-column-gap-default\">\n\t\t\t\t\t<div class=\"elementor-column elementor-col-100 elementor-top-column elementor-element elementor-element-23d332f\" data-id=\"23d332f\" data-element_type=\"column\">\n\t\t\t<div class=\"elementor-widget-wrap elementor-element-populated\">\n\t\t\t\t\t\t\t\t<div class=\"elementor-element elementor-element-bbb00b6 elementor-widget elementor-widget-text-editor\" data-id=\"bbb00b6\" data-element_type=\"widget\" data-widget_type=\"text-editor.default\">\n\t\t\t\t<div class=\"elementor-widget-container\">\n\t\t\t\t\t\t\t<h4 data-start=\"2063\" data-end=\"2114\">\u00bfQu\u00e9 tipo de viviendas son las m\u00e1s demandadas?<\/h4><p data-start=\"2116\" data-end=\"2484\">Principalmente, los estudiantes buscan <strong data-start=\"2155\" data-end=\"2198\">pisos compartidos de 3 a 4 habitaciones<\/strong>, donde cada uno pueda tener su propio espacio privado a la vez que comparten gastos comunes.<\/p><p data-start=\"2116\" data-end=\"2484\"><br data-start=\"2291\" data-end=\"2294\" \/>Tambi\u00e9n est\u00e1 creciendo la demanda de <strong data-start=\"2331\" data-end=\"2360\">apartamentos m\u00e1s peque\u00f1os<\/strong> para dos personas o estudios, especialmente entre estudiantes internacionales que llegan con programas de corta duraci\u00f3n.<\/p>\t\t\t\t\t\t<\/div>\n\t\t\t\t<\/div>\n\t\t\t\t\t<\/div>\n\t\t<\/div>\n\t\t\t\t\t\t\t<\/div>\n\t\t<\/section>\n\t\t\t\t<section class=\"elementor-section elementor-top-section elementor-element elementor-element-a9c12b6 elementor-section-boxed elementor-section-height-default elementor-section-height-default\" data-id=\"a9c12b6\" data-element_type=\"section\">\n\t\t\t\t\t\t<div class=\"elementor-container elementor-column-gap-default\">\n\t\t\t\t\t<div class=\"elementor-column elementor-col-100 elementor-top-column elementor-element elementor-element-c20934b\" data-id=\"c20934b\" data-element_type=\"column\">\n\t\t\t<div class=\"elementor-widget-wrap elementor-element-populated\">\n\t\t\t\t\t\t\t\t<div class=\"elementor-element elementor-element-558ec5d elementor-widget elementor-widget-text-editor\" data-id=\"558ec5d\" data-element_type=\"widget\" data-widget_type=\"text-editor.default\">\n\t\t\t\t<div class=\"elementor-widget-container\">\n\t\t\t\t\t\t\t<h4 data-start=\"2491\" data-end=\"2538\">\u00bfEn qu\u00e9 zonas se concentra m\u00e1s la demanda?<\/h4><p data-start=\"2540\" data-end=\"2834\">La demanda de alquileres para estudiantes se concentra en las grandes ciudades con universidades de referencia como <strong data-start=\"2656\" data-end=\"2717\">Madrid, Barcelona, Valencia, Sevilla, Granada o Salamanca<\/strong>.<\/p><p data-start=\"2540\" data-end=\"2834\"><br data-start=\"2718\" data-end=\"2721\" \/>En estas localidades, las zonas cercanas a campus o bien conectadas en transporte p\u00fablico son las m\u00e1s buscadas.<\/p>\t\t\t\t\t\t<\/div>\n\t\t\t\t<\/div>\n\t\t\t\t\t<\/div>\n\t\t<\/div>\n\t\t\t\t\t\t\t<\/div>\n\t\t<\/section>\n\t\t\t\t<section class=\"elementor-section elementor-top-section elementor-element elementor-element-b822c40 elementor-section-boxed elementor-section-height-default elementor-section-height-default\" data-id=\"b822c40\" data-element_type=\"section\">\n\t\t\t\t\t\t<div class=\"elementor-container elementor-column-gap-default\">\n\t\t\t\t\t<div class=\"elementor-column elementor-col-100 elementor-top-column elementor-element elementor-element-efb401e\" data-id=\"efb401e\" data-element_type=\"column\">\n\t\t\t<div class=\"elementor-widget-wrap elementor-element-populated\">\n\t\t\t\t\t\t\t\t<div class=\"elementor-element elementor-element-ba55a47 elementor-widget elementor-widget-image\" data-id=\"ba55a47\" data-element_type=\"widget\" data-widget_type=\"image.default\">\n\t\t\t\t<div class=\"elementor-widget-container\">\n\t\t\t\t\t\t\t\t\t\t\t\t\t\t\t<img loading=\"lazy\" decoding=\"async\" width=\"1024\" height=\"682\" src=\"https:\/\/thesimplerent.com\/blog\/wp-content\/uploads\/2025\/08\/pexels-fotoaibe-813692-1024x682.jpg\" class=\"attachment-large size-large\" alt=\"\" srcset=\"https:\/\/thesimplerent.com\/blog\/wp-content\/uploads\/2025\/08\/pexels-fotoaibe-813692-1024x682.jpg 1024w, https:\/\/thesimplerent.com\/blog\/wp-content\/uploads\/2025\/08\/pexels-fotoaibe-813692-300x200.jpg 300w, https:\/\/thesimplerent.com\/blog\/wp-content\/uploads\/2025\/08\/pexels-fotoaibe-813692-768x512.jpg 768w, https:\/\/thesimplerent.com\/blog\/wp-content\/uploads\/2025\/08\/pexels-fotoaibe-813692-1536x1024.jpg 1536w, https:\/\/thesimplerent.com\/blog\/wp-content\/uploads\/2025\/08\/pexels-fotoaibe-813692-1920x1280.jpg 1920w, https:\/\/thesimplerent.com\/blog\/wp-content\/uploads\/2025\/08\/pexels-fotoaibe-813692.jpg 2000w\" sizes=\"auto, (max-width: 1024px) 100vw, 1024px\" \/>\t\t\t\t\t\t\t\t\t\t\t\t\t\t\t<\/div>\n\t\t\t\t<\/div>\n\t\t\t\t\t<\/div>\n\t\t<\/div>\n\t\t\t\t\t\t\t<\/div>\n\t\t<\/section>\n\t\t\t\t<section class=\"elementor-section elementor-top-section elementor-element elementor-element-eab2343 elementor-section-boxed elementor-section-height-default elementor-section-height-default\" data-id=\"eab2343\" data-element_type=\"section\">\n\t\t\t\t\t\t<div class=\"elementor-container elementor-column-gap-default\">\n\t\t\t\t\t<div class=\"elementor-column elementor-col-100 elementor-top-column elementor-element elementor-element-9b21031\" data-id=\"9b21031\" data-element_type=\"column\">\n\t\t\t<div class=\"elementor-widget-wrap elementor-element-populated\">\n\t\t\t\t\t\t\t\t<div class=\"elementor-element elementor-element-97b039f elementor-widget elementor-widget-text-editor\" data-id=\"97b039f\" data-element_type=\"widget\" data-widget_type=\"text-editor.default\">\n\t\t\t\t<div class=\"elementor-widget-container\">\n\t\t\t\t\t\t\t<h4 data-start=\"2841\" data-end=\"2909\">\u00bfC\u00f3mo ayuda The Simple Rent a los estudiantes y a sus familias?<\/h4><p data-start=\"2911\" data-end=\"3394\">En <strong data-start=\"2914\" data-end=\"2933\">The Simple Rent<\/strong> trabajamos para que el proceso de alquiler sea <strong data-start=\"2981\" data-end=\"3020\">seguro, r\u00e1pido y sin complicaciones<\/strong>:<br data-start=\"3021\" data-end=\"3024\" \/>\u2714\ufe0f Ofrecemos una amplia red de viviendas en toda Espa\u00f1a, gracias a nuestras m\u00e1s de <strong data-start=\"3107\" data-end=\"3134\">290 franquicias activas<\/strong>.<br data-start=\"3135\" data-end=\"3138\" \/>\u2714\ufe0f Seleccionamos propiedades adaptadas a las necesidades de los estudiantes.<br data-start=\"3214\" data-end=\"3217\" \/>\u2714\ufe0f Nos encargamos de contratos claros y actualizados, para que no haya sorpresas.<br data-start=\"3298\" data-end=\"3301\" \/>\u2714\ufe0f Damos tranquilidad a propietarios y familias con una gesti\u00f3n profesional y transparente.<\/p>\t\t\t\t\t\t<\/div>\n\t\t\t\t<\/div>\n\t\t\t\t\t<\/div>\n\t\t<\/div>\n\t\t\t\t\t\t\t<\/div>\n\t\t<\/section>\n\t\t\t\t<section class=\"elementor-section elementor-top-section elementor-element elementor-element-20d2e84 elementor-section-boxed elementor-section-height-default elementor-section-height-default\" data-id=\"20d2e84\" data-element_type=\"section\">\n\t\t\t\t\t\t<div class=\"elementor-container elementor-column-gap-default\">\n\t\t\t\t\t<div class=\"elementor-column elementor-col-100 elementor-top-column elementor-element elementor-element-69a361b\" data-id=\"69a361b\" data-element_type=\"column\">\n\t\t\t<div class=\"elementor-widget-wrap elementor-element-populated\">\n\t\t\t\t\t\t\t\t<div class=\"elementor-element elementor-element-28563b5 elementor-widget elementor-widget-text-editor\" data-id=\"28563b5\" data-element_type=\"widget\" data-widget_type=\"text-editor.default\">\n\t\t\t\t<div class=\"elementor-widget-container\">\n\t\t\t\t\t\t\t<p data-start=\"3418\" data-end=\"3681\">El alquiler para estudiantes sigue siendo uno de los motores principales del mercado inmobiliario en Espa\u00f1a. Precios al alza, fuerte demanda y un perfil cada vez m\u00e1s internacional hacen que la gesti\u00f3n profesional sea clave para garantizar seguridad y confianza.<\/p><p data-start=\"3683\" data-end=\"3867\">Desde <strong data-start=\"3689\" data-end=\"3708\">The Simple Rent<\/strong> queremos agradecer a <strong data-start=\"3730\" data-end=\"3737\">TVE<\/strong> por contar con nosotros en este reportaje y permitirnos aportar nuestra experiencia como expertos en alquileres en toda Espa\u00f1a.<\/p><p data-start=\"3869\" data-end=\"4057\">\ud83d\udce9 Si eres propietario y quieres alquilar tu vivienda de forma segura a estudiantes, o si eres estudiante en busca de alojamiento, cont\u00e1ctanos. <a href=\"http:\/\/www.thesimplerent.com\">\u00a1En <strong data-start=\"4017\" data-end=\"4036\">The Simple Rent<\/strong> lo hacemos simple!<\/a><\/p>\t\t\t\t\t\t<\/div>\n\t\t\t\t<\/div>\n\t\t\t\t\t<\/div>\n\t\t<\/div>\n\t\t\t\t\t\t\t<\/div>\n\t\t<\/section>\n\t\t\t\t\t\t\t<\/div>\n\t\t","protected":false},"excerpt":{"rendered":"<p>Gracias a TVE por contar con The Simple Rent como expertos en alquileres en toda Espa\u00f1a El mercado del alquiler para estudiantes vive un momento clave en Espa\u00f1a. Cada a\u00f1o,&#46;&#46;&#46;<\/p>\n","protected":false},"author":2,"featured_media":22242,"comment_status":"closed","ping_status":"closed","sticky":false,"template":"","format":"standard","meta":{"inline_featured_image":false,"footnotes":""},"categories":[9],"tags":[],"class_list":["post-22232","post","type-post","status-publish","format-standard","has-post-thumbnail","hentry","category-real-estate"],"yoast_head":"<!-- This site is optimized with the Yoast SEO plugin v19.3 - https:\/\/yoast.com\/wordpress\/plugins\/seo\/ -->\n<title>Entrevista en TVE: El alquiler para estudiantes en Espa\u00f1a en 2025 - The Simple Rent Blog<\/title>\n<meta name=\"robots\" content=\"index, follow, max-snippet:-1, max-image-preview:large, max-video-preview:-1\" \/>\n<link rel=\"canonical\" href=\"https:\/\/thesimplerent.com\/blog\/entrevista-en-tve-el-alquiler-para-estudiantes-en-espana-en-2025\/\" \/>\n<meta property=\"og:locale\" content=\"es_ES\" \/>\n<meta property=\"og:type\" content=\"article\" \/>\n<meta property=\"og:title\" content=\"Entrevista en TVE: El alquiler para estudiantes en Espa\u00f1a en 2025 - The Simple Rent Blog\" \/>\n<meta property=\"og:description\" content=\"Gracias a TVE por contar con The Simple Rent como expertos en alquileres en toda Espa\u00f1a El mercado del alquiler para estudiantes vive un momento clave en Espa\u00f1a. Cada a\u00f1o,&#046;&#046;&#046;\" \/>\n<meta property=\"og:url\" content=\"https:\/\/thesimplerent.com\/blog\/entrevista-en-tve-el-alquiler-para-estudiantes-en-espana-en-2025\/\" \/>\n<meta property=\"og:site_name\" content=\"The Simple Rent Blog\" \/>\n<meta property=\"article:published_time\" content=\"2025-08-26T15:02:46+00:00\" \/>\n<meta property=\"article:modified_time\" content=\"2025-08-26T15:02:47+00:00\" \/>\n<meta property=\"og:image\" content=\"https:\/\/thesimplerent.com\/blog\/wp-content\/uploads\/2025\/08\/pexels-fotoaibe-1571453-scaled.jpg\" \/>\n\t<meta property=\"og:image:width\" content=\"2560\" \/>\n\t<meta property=\"og:image:height\" content=\"1709\" \/>\n\t<meta property=\"og:image:type\" content=\"image\/jpeg\" \/>\n<meta name=\"author\" content=\"The Simple Rent\" \/>\n<meta name=\"twitter:card\" content=\"summary_large_image\" \/>\n<meta name=\"twitter:label1\" content=\"Escrito por\" \/>\n\t<meta name=\"twitter:data1\" content=\"The Simple Rent\" \/>\n\t<meta name=\"twitter:label2\" content=\"Tiempo de lectura\" \/>\n\t<meta name=\"twitter:data2\" content=\"3 minutos\" \/>\n<script type=\"application\/ld+json\" class=\"yoast-schema-graph\">{\"@context\":\"https:\/\/schema.org\",\"@graph\":[{\"@type\":\"Organization\",\"@id\":\"https:\/\/thesimplerent.com\/blog\/#organization\",\"name\":\"The Simple Rent Blog\",\"url\":\"https:\/\/thesimplerent.com\/blog\/\",\"sameAs\":[],\"logo\":{\"@type\":\"ImageObject\",\"inLanguage\":\"es\",\"@id\":\"https:\/\/thesimplerent.com\/blog\/#\/schema\/logo\/image\/\",\"url\":\"https:\/\/thesimplerent.com\/blog\/wp-content\/uploads\/2022\/07\/logo-tsr-blue.svg\",\"contentUrl\":\"https:\/\/thesimplerent.com\/blog\/wp-content\/uploads\/2022\/07\/logo-tsr-blue.svg\",\"width\":400,\"height\":100,\"caption\":\"The Simple Rent Blog\"},\"image\":{\"@id\":\"https:\/\/thesimplerent.com\/blog\/#\/schema\/logo\/image\/\"}},{\"@type\":\"WebSite\",\"@id\":\"https:\/\/thesimplerent.com\/blog\/#website\",\"url\":\"https:\/\/thesimplerent.com\/blog\/\",\"name\":\"The Simple Rent Blog\",\"description\":\"Descubre Las \u00daltimas Noticias de TSR\",\"publisher\":{\"@id\":\"https:\/\/thesimplerent.com\/blog\/#organization\"},\"potentialAction\":[{\"@type\":\"SearchAction\",\"target\":{\"@type\":\"EntryPoint\",\"urlTemplate\":\"https:\/\/thesimplerent.com\/blog\/?s={search_term_string}\"},\"query-input\":\"required name=search_term_string\"}],\"inLanguage\":\"es\"},{\"@type\":\"ImageObject\",\"inLanguage\":\"es\",\"@id\":\"https:\/\/thesimplerent.com\/blog\/entrevista-en-tve-el-alquiler-para-estudiantes-en-espana-en-2025\/#primaryimage\",\"url\":\"https:\/\/thesimplerent.com\/blog\/wp-content\/uploads\/2025\/08\/pexels-fotoaibe-1571453-scaled.jpg\",\"contentUrl\":\"https:\/\/thesimplerent.com\/blog\/wp-content\/uploads\/2025\/08\/pexels-fotoaibe-1571453-scaled.jpg\",\"width\":2560,\"height\":1709},{\"@type\":\"WebPage\",\"@id\":\"https:\/\/thesimplerent.com\/blog\/entrevista-en-tve-el-alquiler-para-estudiantes-en-espana-en-2025\/\",\"url\":\"https:\/\/thesimplerent.com\/blog\/entrevista-en-tve-el-alquiler-para-estudiantes-en-espana-en-2025\/\",\"name\":\"Entrevista en TVE: El alquiler para estudiantes en Espa\u00f1a en 2025 - The Simple Rent Blog\",\"isPartOf\":{\"@id\":\"https:\/\/thesimplerent.com\/blog\/#website\"},\"primaryImageOfPage\":{\"@id\":\"https:\/\/thesimplerent.com\/blog\/entrevista-en-tve-el-alquiler-para-estudiantes-en-espana-en-2025\/#primaryimage\"},\"datePublished\":\"2025-08-26T15:02:46+00:00\",\"dateModified\":\"2025-08-26T15:02:47+00:00\",\"breadcrumb\":{\"@id\":\"https:\/\/thesimplerent.com\/blog\/entrevista-en-tve-el-alquiler-para-estudiantes-en-espana-en-2025\/#breadcrumb\"},\"inLanguage\":\"es\",\"potentialAction\":[{\"@type\":\"ReadAction\",\"target\":[\"https:\/\/thesimplerent.com\/blog\/entrevista-en-tve-el-alquiler-para-estudiantes-en-espana-en-2025\/\"]}]},{\"@type\":\"BreadcrumbList\",\"@id\":\"https:\/\/thesimplerent.com\/blog\/entrevista-en-tve-el-alquiler-para-estudiantes-en-espana-en-2025\/#breadcrumb\",\"itemListElement\":[{\"@type\":\"ListItem\",\"position\":1,\"name\":\"Portada\",\"item\":\"https:\/\/thesimplerent.com\/blog\/\"},{\"@type\":\"ListItem\",\"position\":2,\"name\":\"Entrevista en TVE: El alquiler para estudiantes en Espa\u00f1a en 2025\"}]},{\"@type\":\"Article\",\"@id\":\"https:\/\/thesimplerent.com\/blog\/entrevista-en-tve-el-alquiler-para-estudiantes-en-espana-en-2025\/#article\",\"isPartOf\":{\"@id\":\"https:\/\/thesimplerent.com\/blog\/entrevista-en-tve-el-alquiler-para-estudiantes-en-espana-en-2025\/\"},\"author\":{\"name\":\"The Simple Rent\",\"@id\":\"https:\/\/thesimplerent.com\/blog\/#\/schema\/person\/f78c5bf3d056f232aaf4aa9978364db2\"},\"headline\":\"Entrevista en TVE: El alquiler para estudiantes en Espa\u00f1a en 2025\",\"datePublished\":\"2025-08-26T15:02:46+00:00\",\"dateModified\":\"2025-08-26T15:02:47+00:00\",\"mainEntityOfPage\":{\"@id\":\"https:\/\/thesimplerent.com\/blog\/entrevista-en-tve-el-alquiler-para-estudiantes-en-espana-en-2025\/\"},\"wordCount\":589,\"publisher\":{\"@id\":\"https:\/\/thesimplerent.com\/blog\/#organization\"},\"image\":{\"@id\":\"https:\/\/thesimplerent.com\/blog\/entrevista-en-tve-el-alquiler-para-estudiantes-en-espana-en-2025\/#primaryimage\"},\"thumbnailUrl\":\"https:\/\/thesimplerent.com\/blog\/wp-content\/uploads\/2025\/08\/pexels-fotoaibe-1571453-scaled.jpg\",\"articleSection\":[\"Real Estate\"],\"inLanguage\":\"es\"},{\"@type\":\"Person\",\"@id\":\"https:\/\/thesimplerent.com\/blog\/#\/schema\/person\/f78c5bf3d056f232aaf4aa9978364db2\",\"name\":\"The Simple Rent\",\"image\":{\"@type\":\"ImageObject\",\"inLanguage\":\"es\",\"@id\":\"https:\/\/thesimplerent.com\/blog\/#\/schema\/person\/image\/\",\"url\":\"https:\/\/secure.gravatar.com\/avatar\/568643673988fe28c01351b530bfa3e4bfbe9b15db37595c946998f7e48447ba?s=96&d=mm&r=g\",\"contentUrl\":\"https:\/\/secure.gravatar.com\/avatar\/568643673988fe28c01351b530bfa3e4bfbe9b15db37595c946998f7e48447ba?s=96&d=mm&r=g\",\"caption\":\"The Simple Rent\"},\"url\":\"https:\/\/thesimplerent.com\/blog\/author\/comunicacion\/\"}]}<\/script>\n<!-- \/ Yoast SEO plugin. -->","yoast_head_json":{"title":"Entrevista en TVE: El alquiler para estudiantes en Espa\u00f1a en 2025 - The Simple Rent Blog","robots":{"index":"index","follow":"follow","max-snippet":"max-snippet:-1","max-image-preview":"max-image-preview:large","max-video-preview":"max-video-preview:-1"},"canonical":"https:\/\/thesimplerent.com\/blog\/entrevista-en-tve-el-alquiler-para-estudiantes-en-espana-en-2025\/","og_locale":"es_ES","og_type":"article","og_title":"Entrevista en TVE: El alquiler para estudiantes en Espa\u00f1a en 2025 - The Simple Rent Blog","og_description":"Gracias a TVE por contar con The Simple Rent como expertos en alquileres en toda Espa\u00f1a El mercado del alquiler para estudiantes vive un momento clave en Espa\u00f1a. Cada a\u00f1o,&#46;&#46;&#46;","og_url":"https:\/\/thesimplerent.com\/blog\/entrevista-en-tve-el-alquiler-para-estudiantes-en-espana-en-2025\/","og_site_name":"The Simple Rent Blog","article_published_time":"2025-08-26T15:02:46+00:00","article_modified_time":"2025-08-26T15:02:47+00:00","og_image":[{"width":2560,"height":1709,"url":"https:\/\/thesimplerent.com\/blog\/wp-content\/uploads\/2025\/08\/pexels-fotoaibe-1571453-scaled.jpg","type":"image\/jpeg"}],"author":"The Simple Rent","twitter_card":"summary_large_image","twitter_misc":{"Escrito por":"The Simple Rent","Tiempo de lectura":"3 minutos"},"schema":{"@context":"https:\/\/schema.org","@graph":[{"@type":"Organization","@id":"https:\/\/thesimplerent.com\/blog\/#organization","name":"The Simple Rent Blog","url":"https:\/\/thesimplerent.com\/blog\/","sameAs":[],"logo":{"@type":"ImageObject","inLanguage":"es","@id":"https:\/\/thesimplerent.com\/blog\/#\/schema\/logo\/image\/","url":"https:\/\/thesimplerent.com\/blog\/wp-content\/uploads\/2022\/07\/logo-tsr-blue.svg","contentUrl":"https:\/\/thesimplerent.com\/blog\/wp-content\/uploads\/2022\/07\/logo-tsr-blue.svg","width":400,"height":100,"caption":"The Simple Rent Blog"},"image":{"@id":"https:\/\/thesimplerent.com\/blog\/#\/schema\/logo\/image\/"}},{"@type":"WebSite","@id":"https:\/\/thesimplerent.com\/blog\/#website","url":"https:\/\/thesimplerent.com\/blog\/","name":"The Simple Rent Blog","description":"Descubre Las \u00daltimas Noticias de TSR","publisher":{"@id":"https:\/\/thesimplerent.com\/blog\/#organization"},"potentialAction":[{"@type":"SearchAction","target":{"@type":"EntryPoint","urlTemplate":"https:\/\/thesimplerent.com\/blog\/?s={search_term_string}"},"query-input":"required name=search_term_string"}],"inLanguage":"es"},{"@type":"ImageObject","inLanguage":"es","@id":"https:\/\/thesimplerent.com\/blog\/entrevista-en-tve-el-alquiler-para-estudiantes-en-espana-en-2025\/#primaryimage","url":"https:\/\/thesimplerent.com\/blog\/wp-content\/uploads\/2025\/08\/pexels-fotoaibe-1571453-scaled.jpg","contentUrl":"https:\/\/thesimplerent.com\/blog\/wp-content\/uploads\/2025\/08\/pexels-fotoaibe-1571453-scaled.jpg","width":2560,"height":1709},{"@type":"WebPage","@id":"https:\/\/thesimplerent.com\/blog\/entrevista-en-tve-el-alquiler-para-estudiantes-en-espana-en-2025\/","url":"https:\/\/thesimplerent.com\/blog\/entrevista-en-tve-el-alquiler-para-estudiantes-en-espana-en-2025\/","name":"Entrevista en TVE: El alquiler para estudiantes en Espa\u00f1a en 2025 - The Simple Rent Blog","isPartOf":{"@id":"https:\/\/thesimplerent.com\/blog\/#website"},"primaryImageOfPage":{"@id":"https:\/\/thesimplerent.com\/blog\/entrevista-en-tve-el-alquiler-para-estudiantes-en-espana-en-2025\/#primaryimage"},"datePublished":"2025-08-26T15:02:46+00:00","dateModified":"2025-08-26T15:02:47+00:00","breadcrumb":{"@id":"https:\/\/thesimplerent.com\/blog\/entrevista-en-tve-el-alquiler-para-estudiantes-en-espana-en-2025\/#breadcrumb"},"inLanguage":"es","potentialAction":[{"@type":"ReadAction","target":["https:\/\/thesimplerent.com\/blog\/entrevista-en-tve-el-alquiler-para-estudiantes-en-espana-en-2025\/"]}]},{"@type":"BreadcrumbList","@id":"https:\/\/thesimplerent.com\/blog\/entrevista-en-tve-el-alquiler-para-estudiantes-en-espana-en-2025\/#breadcrumb","itemListElement":[{"@type":"ListItem","position":1,"name":"Portada","item":"https:\/\/thesimplerent.com\/blog\/"},{"@type":"ListItem","position":2,"name":"Entrevista en TVE: El alquiler para estudiantes en Espa\u00f1a en 2025"}]},{"@type":"Article","@id":"https:\/\/thesimplerent.com\/blog\/entrevista-en-tve-el-alquiler-para-estudiantes-en-espana-en-2025\/#article","isPartOf":{"@id":"https:\/\/thesimplerent.com\/blog\/entrevista-en-tve-el-alquiler-para-estudiantes-en-espana-en-2025\/"},"author":{"name":"The Simple Rent","@id":"https:\/\/thesimplerent.com\/blog\/#\/schema\/person\/f78c5bf3d056f232aaf4aa9978364db2"},"headline":"Entrevista en TVE: El alquiler para estudiantes en Espa\u00f1a en 2025","datePublished":"2025-08-26T15:02:46+00:00","dateModified":"2025-08-26T15:02:47+00:00","mainEntityOfPage":{"@id":"https:\/\/thesimplerent.com\/blog\/entrevista-en-tve-el-alquiler-para-estudiantes-en-espana-en-2025\/"},"wordCount":589,"publisher":{"@id":"https:\/\/thesimplerent.com\/blog\/#organization"},"image":{"@id":"https:\/\/thesimplerent.com\/blog\/entrevista-en-tve-el-alquiler-para-estudiantes-en-espana-en-2025\/#primaryimage"},"thumbnailUrl":"https:\/\/thesimplerent.com\/blog\/wp-content\/uploads\/2025\/08\/pexels-fotoaibe-1571453-scaled.jpg","articleSection":["Real Estate"],"inLanguage":"es"},{"@type":"Person","@id":"https:\/\/thesimplerent.com\/blog\/#\/schema\/person\/f78c5bf3d056f232aaf4aa9978364db2","name":"The Simple Rent","image":{"@type":"ImageObject","inLanguage":"es","@id":"https:\/\/thesimplerent.com\/blog\/#\/schema\/person\/image\/","url":"https:\/\/secure.gravatar.com\/avatar\/568643673988fe28c01351b530bfa3e4bfbe9b15db37595c946998f7e48447ba?s=96&d=mm&r=g","contentUrl":"https:\/\/secure.gravatar.com\/avatar\/568643673988fe28c01351b530bfa3e4bfbe9b15db37595c946998f7e48447ba?s=96&d=mm&r=g","caption":"The Simple Rent"},"url":"https:\/\/thesimplerent.com\/blog\/author\/comunicacion\/"}]}},"_links":{"self":[{"href":"https:\/\/thesimplerent.com\/blog\/wp-json\/wp\/v2\/posts\/22232","targetHints":{"allow":["GET"]}}],"collection":[{"href":"https:\/\/thesimplerent.com\/blog\/wp-json\/wp\/v2\/posts"}],"about":[{"href":"https:\/\/thesimplerent.com\/blog\/wp-json\/wp\/v2\/types\/post"}],"author":[{"embeddable":true,"href":"https:\/\/thesimplerent.com\/blog\/wp-json\/wp\/v2\/users\/2"}],"replies":[{"embeddable":true,"href":"https:\/\/thesimplerent.com\/blog\/wp-json\/wp\/v2\/comments?post=22232"}],"version-history":[{"count":7,"href":"https:\/\/thesimplerent.com\/blog\/wp-json\/wp\/v2\/posts\/22232\/revisions"}],"predecessor-version":[{"id":22241,"href":"https:\/\/thesimplerent.com\/blog\/wp-json\/wp\/v2\/posts\/22232\/revisions\/22241"}],"wp:featuredmedia":[{"embeddable":true,"href":"https:\/\/thesimplerent.com\/blog\/wp-json\/wp\/v2\/media\/22242"}],"wp:attachment":[{"href":"https:\/\/thesimplerent.com\/blog\/wp-json\/wp\/v2\/media?parent=22232"}],"wp:term":[{"taxonomy":"category","embeddable":true,"href":"https:\/\/thesimplerent.com\/blog\/wp-json\/wp\/v2\/categories?post=22232"},{"taxonomy":"post_tag","embeddable":true,"href":"https:\/\/thesimplerent.com\/blog\/wp-json\/wp\/v2\/tags?post=22232"}],"curies":[{"name":"wp","href":"https:\/\/api.w.org\/{rel}","templated":true}]}}