{"id":22071,"date":"2025-06-04T16:07:28","date_gmt":"2025-06-04T16:07:28","guid":{"rendered":"https:\/\/thesimplerent.com\/blog\/?p=22071"},"modified":"2025-06-04T16:07:29","modified_gmt":"2025-06-04T16:07:29","slug":"the-simple-rent-y-fotocasa-una-alianza-estrategica-para-impulsar-el-talento-inmobiliario","status":"publish","type":"post","link":"https:\/\/thesimplerent.com\/blog\/the-simple-rent-y-fotocasa-una-alianza-estrategica-para-impulsar-el-talento-inmobiliario\/","title":{"rendered":"The Simple Rent y Fotocasa: una alianza estrat\u00e9gica para impulsar el talento inmobiliario"},"content":{"rendered":"\t\t<div data-elementor-type=\"wp-post\" data-elementor-id=\"22071\" class=\"elementor elementor-22071\">\n\t\t\t\t\t\t\t\t\t<section class=\"elementor-section elementor-top-section elementor-element elementor-element-97d6216 elementor-section-boxed elementor-section-height-default elementor-section-height-default\" data-id=\"97d6216\" data-element_type=\"section\">\n\t\t\t\t\t\t<div class=\"elementor-container elementor-column-gap-default\">\n\t\t\t\t\t<div class=\"elementor-column elementor-col-100 elementor-top-column elementor-element elementor-element-870a3db\" data-id=\"870a3db\" data-element_type=\"column\">\n\t\t\t<div class=\"elementor-widget-wrap elementor-element-populated\">\n\t\t\t\t\t\t\t\t<div class=\"elementor-element elementor-element-739c414 elementor-widget elementor-widget-text-editor\" data-id=\"739c414\" data-element_type=\"widget\" data-widget_type=\"text-editor.default\">\n\t\t\t\t<div class=\"elementor-widget-container\">\n\t\t\t<style>\/*! elementor - v3.6.7 - 03-07-2022 *\/\n.elementor-widget-text-editor.elementor-drop-cap-view-stacked .elementor-drop-cap{background-color:#818a91;color:#fff}.elementor-widget-text-editor.elementor-drop-cap-view-framed .elementor-drop-cap{color:#818a91;border:3px solid;background-color:transparent}.elementor-widget-text-editor:not(.elementor-drop-cap-view-default) .elementor-drop-cap{margin-top:8px}.elementor-widget-text-editor:not(.elementor-drop-cap-view-default) .elementor-drop-cap-letter{width:1em;height:1em}.elementor-widget-text-editor .elementor-drop-cap{float:left;text-align:center;line-height:1;font-size:50px}.elementor-widget-text-editor .elementor-drop-cap-letter{display:inline-block}<\/style>\t\t\t\t<h6 data-start=\"342\" data-end=\"762\">En un sector tan din\u00e1mico como el inmobiliario, adaptarse ya no es suficiente. Hay que anticiparse. En <strong data-start=\"445\" data-end=\"464\">The Simple Rent<\/strong>, siempre hemos apostado por la formaci\u00f3n continua, la innovaci\u00f3n y la creaci\u00f3n de una comunidad s\u00f3lida de profesionales que comparten una misma visi\u00f3n: transformar la manera en que se vive y se gestiona el alquiler. Hoy, damos un paso m\u00e1s en ese camino con una noticia que nos llena de entusiasmo.<\/h6><p data-start=\"764\" data-end=\"1101\"><strong data-start=\"764\" data-end=\"789\">Nos unimos a Fotocasa<\/strong>, uno de los referentes indiscutibles del sector, para ofrecer a nuestros franquiciados una propuesta de valor sin precedentes: <strong data-start=\"917\" data-end=\"1049\">formaci\u00f3n mensual exclusiva, acceso prioritario a eventos de primer nivel, espacios de networking y nuevas sinergias comerciales<\/strong> que ampl\u00edan horizontes y multiplican oportunidades.<\/p>\t\t\t\t\t\t<\/div>\n\t\t\t\t<\/div>\n\t\t\t\t\t<\/div>\n\t\t<\/div>\n\t\t\t\t\t\t\t<\/div>\n\t\t<\/section>\n\t\t\t\t<section class=\"elementor-section elementor-top-section elementor-element elementor-element-a5f342c elementor-section-boxed elementor-section-height-default elementor-section-height-default\" data-id=\"a5f342c\" data-element_type=\"section\">\n\t\t\t\t\t\t<div class=\"elementor-container elementor-column-gap-default\">\n\t\t\t\t\t<div class=\"elementor-column elementor-col-100 elementor-top-column elementor-element elementor-element-64f70a5\" data-id=\"64f70a5\" data-element_type=\"column\">\n\t\t\t<div class=\"elementor-widget-wrap elementor-element-populated\">\n\t\t\t\t\t\t\t\t<div class=\"elementor-element elementor-element-43d7b25 elementor-widget elementor-widget-image\" data-id=\"43d7b25\" data-element_type=\"widget\" data-widget_type=\"image.default\">\n\t\t\t\t<div class=\"elementor-widget-container\">\n\t\t\t<style>\/*! elementor - v3.6.7 - 03-07-2022 *\/\n.elementor-widget-image{text-align:center}.elementor-widget-image a{display:inline-block}.elementor-widget-image a img[src$=\".svg\"]{width:48px}.elementor-widget-image img{vertical-align:middle;display:inline-block}<\/style>\t\t\t\t\t\t\t\t\t\t\t\t<img loading=\"lazy\" decoding=\"async\" width=\"1022\" height=\"946\" src=\"https:\/\/thesimplerent.com\/blog\/wp-content\/uploads\/2025\/06\/Captura-de-pantalla-2025-06-04-a-las-17.57.03.png\" class=\"attachment-large size-large\" alt=\"\" srcset=\"https:\/\/thesimplerent.com\/blog\/wp-content\/uploads\/2025\/06\/Captura-de-pantalla-2025-06-04-a-las-17.57.03.png 1022w, https:\/\/thesimplerent.com\/blog\/wp-content\/uploads\/2025\/06\/Captura-de-pantalla-2025-06-04-a-las-17.57.03-300x278.png 300w, https:\/\/thesimplerent.com\/blog\/wp-content\/uploads\/2025\/06\/Captura-de-pantalla-2025-06-04-a-las-17.57.03-768x711.png 768w\" sizes=\"auto, (max-width: 1022px) 100vw, 1022px\" \/>\t\t\t\t\t\t\t\t\t\t\t\t\t\t\t<\/div>\n\t\t\t\t<\/div>\n\t\t\t\t\t<\/div>\n\t\t<\/div>\n\t\t\t\t\t\t\t<\/div>\n\t\t<\/section>\n\t\t\t\t<section class=\"elementor-section elementor-top-section elementor-element elementor-element-dcea2e8 elementor-section-boxed elementor-section-height-default elementor-section-height-default\" data-id=\"dcea2e8\" data-element_type=\"section\">\n\t\t\t\t\t\t<div class=\"elementor-container elementor-column-gap-default\">\n\t\t\t\t\t<div class=\"elementor-column elementor-col-100 elementor-top-column elementor-element elementor-element-4b51d82\" data-id=\"4b51d82\" data-element_type=\"column\">\n\t\t\t<div class=\"elementor-widget-wrap elementor-element-populated\">\n\t\t\t\t\t\t\t\t<div class=\"elementor-element elementor-element-34a3176 elementor-widget elementor-widget-text-editor\" data-id=\"34a3176\" data-element_type=\"widget\" data-widget_type=\"text-editor.default\">\n\t\t\t\t<div class=\"elementor-widget-container\">\n\t\t\t\t\t\t\t<h5 data-start=\"1103\" data-end=\"1138\">Formaci\u00f3n de calidad, cada mes<\/h5><p data-start=\"1140\" data-end=\"1669\">El n\u00facleo de esta colaboraci\u00f3n gira en torno al conocimiento. A partir de ahora, nuestros franquiciados contar\u00e1n con <strong data-start=\"1257\" data-end=\"1313\">formaciones mensuales de la mano de Fotocasa Academy<\/strong>, el \u00e1rea formativa de Fotocasa que lleva a\u00f1os liderando la capacitaci\u00f3n en el sector inmobiliario. Estos encuentros, tanto online como presenciales, abordar\u00e1n temas clave: desde estrategias avanzadas de captaci\u00f3n, marketing digital aplicado al sector inmobiliario, uso de plataformas tecnol\u00f3gicas, gesti\u00f3n de cartera, fidelizaci\u00f3n de clientes y mucho m\u00e1s.<\/p><p data-start=\"1671\" data-end=\"1904\">Adem\u00e1s, ser\u00e1n contenidos completamente <strong data-start=\"1710\" data-end=\"1782\">adaptados a las necesidades y el modelo operativo de The Simple Rent<\/strong>, para garantizar que cada minuto invertido tenga un impacto directo y tangible en el d\u00eda a d\u00eda de nuestros franquiciados.<\/p>\t\t\t\t\t\t<\/div>\n\t\t\t\t<\/div>\n\t\t\t\t\t<\/div>\n\t\t<\/div>\n\t\t\t\t\t\t\t<\/div>\n\t\t<\/section>\n\t\t\t\t<section class=\"elementor-section elementor-top-section elementor-element elementor-element-8bd0745 elementor-section-boxed elementor-section-height-default elementor-section-height-default\" data-id=\"8bd0745\" data-element_type=\"section\">\n\t\t\t\t\t\t<div class=\"elementor-container elementor-column-gap-default\">\n\t\t\t\t\t<div class=\"elementor-column elementor-col-100 elementor-top-column elementor-element elementor-element-5b6d2e2\" data-id=\"5b6d2e2\" data-element_type=\"column\">\n\t\t\t<div class=\"elementor-widget-wrap elementor-element-populated\">\n\t\t\t\t\t\t\t\t<div class=\"elementor-element elementor-element-4f9d0a3 elementor-widget elementor-widget-text-editor\" data-id=\"4f9d0a3\" data-element_type=\"widget\" data-widget_type=\"text-editor.default\">\n\t\t\t\t<div class=\"elementor-widget-container\">\n\t\t\t\t\t\t\t<h5 data-start=\"1906\" data-end=\"1966\">Fotocasa Academy Days: aprendizaje y networking en vivo<\/h5><p data-start=\"1968\" data-end=\"2344\">Pero no todo queda en la pantalla. Como parte de este acuerdo, nuestros franquiciados tendr\u00e1n <strong data-start=\"2062\" data-end=\"2114\">acceso prioritario a los \u201cFotocasa Academy Days\u201d<\/strong>, eventos presenciales que recorren las principales ciudades de Espa\u00f1a. Se trata de encuentros con profesionales del sector, talleres pr\u00e1cticos, charlas inspiradoras y, sobre todo, un espacio perfecto para crear conexiones reales.<\/p><p data-start=\"2346\" data-end=\"2510\">Porque sabemos que el networking no se improvisa, se construye. Y cuando est\u00e1s rodeado de personas que comparten tu visi\u00f3n y tus desaf\u00edos, las oportunidades fluyen.<\/p><h5 data-start=\"2512\" data-end=\"2570\">Mesas de di\u00e1logo exclusivas: la voz de la experiencia<\/h5><p data-start=\"2572\" data-end=\"2931\">Otra de las grandes novedades de esta alianza es la creaci\u00f3n de <strong data-start=\"2636\" data-end=\"2705\">mesas de di\u00e1logo exclusivas para franquiciados de The Simple Rent<\/strong>, donde podr\u00e1n compartir ideas, experiencias y sugerencias directamente con expertos del equipo de Fotocasa. Un formato participativo y enriquecedor que va m\u00e1s all\u00e1 de la formaci\u00f3n tradicional: aqu\u00ed, todos aprendemos de todos.<\/p><p data-start=\"2933\" data-end=\"3097\">Queremos que nuestros franquiciados no solo reciban formaci\u00f3n, sino que tambi\u00e9n influyan en la evoluci\u00f3n del sector, aportando su experiencia real desde el terreno.<\/p>\t\t\t\t\t\t<\/div>\n\t\t\t\t<\/div>\n\t\t\t\t\t<\/div>\n\t\t<\/div>\n\t\t\t\t\t\t\t<\/div>\n\t\t<\/section>\n\t\t\t\t<section class=\"elementor-section elementor-top-section elementor-element elementor-element-2a90159 elementor-section-boxed elementor-section-height-default elementor-section-height-default\" data-id=\"2a90159\" data-element_type=\"section\">\n\t\t\t\t\t\t<div class=\"elementor-container elementor-column-gap-default\">\n\t\t\t\t\t<div class=\"elementor-column elementor-col-100 elementor-top-column elementor-element elementor-element-cde5ac1\" data-id=\"cde5ac1\" data-element_type=\"column\">\n\t\t\t<div class=\"elementor-widget-wrap elementor-element-populated\">\n\t\t\t\t\t\t\t\t<div class=\"elementor-element elementor-element-f1ce557 elementor-widget elementor-widget-image\" data-id=\"f1ce557\" data-element_type=\"widget\" data-widget_type=\"image.default\">\n\t\t\t\t<div class=\"elementor-widget-container\">\n\t\t\t\t\t\t\t\t\t\t\t\t\t\t\t<img loading=\"lazy\" decoding=\"async\" width=\"1024\" height=\"768\" src=\"https:\/\/thesimplerent.com\/blog\/wp-content\/uploads\/2025\/06\/academy25_anteriores_pic1-1024x768.jpg\" class=\"attachment-large size-large\" alt=\"\" srcset=\"https:\/\/thesimplerent.com\/blog\/wp-content\/uploads\/2025\/06\/academy25_anteriores_pic1-1024x768.jpg 1024w, https:\/\/thesimplerent.com\/blog\/wp-content\/uploads\/2025\/06\/academy25_anteriores_pic1-300x225.jpg 300w, https:\/\/thesimplerent.com\/blog\/wp-content\/uploads\/2025\/06\/academy25_anteriores_pic1-768x576.jpg 768w, https:\/\/thesimplerent.com\/blog\/wp-content\/uploads\/2025\/06\/academy25_anteriores_pic1-800x600.jpg 800w, https:\/\/thesimplerent.com\/blog\/wp-content\/uploads\/2025\/06\/academy25_anteriores_pic1.jpg 1200w\" sizes=\"auto, (max-width: 1024px) 100vw, 1024px\" \/>\t\t\t\t\t\t\t\t\t\t\t\t\t\t\t<\/div>\n\t\t\t\t<\/div>\n\t\t\t\t\t<\/div>\n\t\t<\/div>\n\t\t\t\t\t\t\t<\/div>\n\t\t<\/section>\n\t\t\t\t<section class=\"elementor-section elementor-top-section elementor-element elementor-element-05deb31 elementor-section-boxed elementor-section-height-default elementor-section-height-default\" data-id=\"05deb31\" data-element_type=\"section\">\n\t\t\t\t\t\t<div class=\"elementor-container elementor-column-gap-default\">\n\t\t\t\t\t<div class=\"elementor-column elementor-col-100 elementor-top-column elementor-element elementor-element-c3f9e93\" data-id=\"c3f9e93\" data-element_type=\"column\">\n\t\t\t<div class=\"elementor-widget-wrap elementor-element-populated\">\n\t\t\t\t\t\t\t\t<div class=\"elementor-element elementor-element-23b8264 elementor-widget elementor-widget-text-editor\" data-id=\"23b8264\" data-element_type=\"widget\" data-widget_type=\"text-editor.default\">\n\t\t\t\t<div class=\"elementor-widget-container\">\n\t\t\t\t\t\t\t<h5 data-start=\"3099\" data-end=\"3144\">Una visi\u00f3n compartida: liderar el cambio<\/h5><p data-start=\"3146\" data-end=\"3396\">Esta alianza nace de una visi\u00f3n compartida: profesionalizar a\u00fan m\u00e1s el sector inmobiliario, dar herramientas de valor a los profesionales que est\u00e1n en contacto directo con el cliente, y generar un ecosistema donde el talento pueda crecer sin l\u00edmites.<\/p><p data-start=\"3398\" data-end=\"3634\">En palabras de nuestro equipo directivo:<br data-start=\"3438\" data-end=\"3441\" \/><em data-start=\"3441\" data-end=\"3634\">\u00abNo se trata solo de aprender, sino de crear comunidad, de generar confianza, de crecer juntos. Este acuerdo con Fotocasa es una inversi\u00f3n en el futuro de cada uno de nuestros franquiciados.\u201d<\/em><\/p><p data-start=\"3636\" data-end=\"3834\">Y eso es exactamente lo que buscamos: que cada profesional de The Simple Rent se sienta respaldado, actualizado y motivado para liderar su mercado local con seguridad, estrategia y visi\u00f3n de futuro.<\/p><h5 data-start=\"3836\" data-end=\"3884\">El aprendizaje como motor de transformaci\u00f3n<\/h5><p data-start=\"3886\" data-end=\"4217\">En The Simple Rent no queremos quedarnos quietos. Queremos avanzar, evolucionar, y llevar con nosotros a todas las personas que conf\u00edan en nuestro modelo de negocio. Este acuerdo con Fotocasa es solo el comienzo de una nueva etapa, donde la formaci\u00f3n, la conexi\u00f3n y la innovaci\u00f3n ser\u00e1n los pilares que nos impulsen hacia el futuro.<\/p>\t\t\t\t\t\t<\/div>\n\t\t\t\t<\/div>\n\t\t\t\t\t<\/div>\n\t\t<\/div>\n\t\t\t\t\t\t\t<\/div>\n\t\t<\/section>\n\t\t\t\t<section class=\"elementor-section elementor-top-section elementor-element elementor-element-3681e85 elementor-section-boxed elementor-section-height-default elementor-section-height-default\" data-id=\"3681e85\" data-element_type=\"section\">\n\t\t\t\t\t\t<div class=\"elementor-container elementor-column-gap-default\">\n\t\t\t\t\t<div class=\"elementor-column elementor-col-100 elementor-top-column elementor-element elementor-element-f45d025\" data-id=\"f45d025\" data-element_type=\"column\">\n\t\t\t<div class=\"elementor-widget-wrap elementor-element-populated\">\n\t\t\t\t\t\t\t\t<div class=\"elementor-element elementor-element-eb4668f elementor-widget elementor-widget-image\" data-id=\"eb4668f\" data-element_type=\"widget\" data-widget_type=\"image.default\">\n\t\t\t\t<div class=\"elementor-widget-container\">\n\t\t\t\t\t\t\t\t\t\t\t\t\t\t\t<img loading=\"lazy\" decoding=\"async\" width=\"1024\" height=\"768\" src=\"https:\/\/thesimplerent.com\/blog\/wp-content\/uploads\/2025\/06\/academy25_anteriores_pic4-1024x768.jpg\" class=\"attachment-large size-large\" alt=\"\" srcset=\"https:\/\/thesimplerent.com\/blog\/wp-content\/uploads\/2025\/06\/academy25_anteriores_pic4-1024x768.jpg 1024w, https:\/\/thesimplerent.com\/blog\/wp-content\/uploads\/2025\/06\/academy25_anteriores_pic4-300x225.jpg 300w, https:\/\/thesimplerent.com\/blog\/wp-content\/uploads\/2025\/06\/academy25_anteriores_pic4-768x576.jpg 768w, https:\/\/thesimplerent.com\/blog\/wp-content\/uploads\/2025\/06\/academy25_anteriores_pic4-800x600.jpg 800w, https:\/\/thesimplerent.com\/blog\/wp-content\/uploads\/2025\/06\/academy25_anteriores_pic4.jpg 1200w\" sizes=\"auto, (max-width: 1024px) 100vw, 1024px\" \/>\t\t\t\t\t\t\t\t\t\t\t\t\t\t\t<\/div>\n\t\t\t\t<\/div>\n\t\t\t\t\t<\/div>\n\t\t<\/div>\n\t\t\t\t\t\t\t<\/div>\n\t\t<\/section>\n\t\t\t\t<section class=\"elementor-section elementor-top-section elementor-element elementor-element-6482df0 elementor-section-boxed elementor-section-height-default elementor-section-height-default\" data-id=\"6482df0\" data-element_type=\"section\">\n\t\t\t\t\t\t<div class=\"elementor-container elementor-column-gap-default\">\n\t\t\t\t\t<div class=\"elementor-column elementor-col-100 elementor-top-column elementor-element elementor-element-16d6639\" data-id=\"16d6639\" data-element_type=\"column\">\n\t\t\t<div class=\"elementor-widget-wrap elementor-element-populated\">\n\t\t\t\t\t\t\t\t<div class=\"elementor-element elementor-element-c36728e elementor-widget elementor-widget-text-editor\" data-id=\"c36728e\" data-element_type=\"widget\" data-widget_type=\"text-editor.default\">\n\t\t\t\t<div class=\"elementor-widget-container\">\n\t\t\t\t\t\t\t<h6 data-start=\"4219\" data-end=\"4285\">Porque cuando grandes marcas se unen, nacen grandes oportunidades.<\/h6><h6 data-start=\"4287\" data-end=\"4329\">Y t\u00fa, <a href=\"http:\/\/www.thesimplerent.com\">\u00bfest\u00e1s listo para todo lo que viene?<\/a><\/h6>\t\t\t\t\t\t<\/div>\n\t\t\t\t<\/div>\n\t\t\t\t\t<\/div>\n\t\t<\/div>\n\t\t\t\t\t\t\t<\/div>\n\t\t<\/section>\n\t\t\t\t\t\t\t<\/div>\n\t\t","protected":false},"excerpt":{"rendered":"<p>En un sector tan din\u00e1mico como el inmobiliario, adaptarse ya no es suficiente. Hay que anticiparse. En The Simple Rent, siempre hemos apostado por la formaci\u00f3n continua, la innovaci\u00f3n y&#46;&#46;&#46;<\/p>\n","protected":false},"author":2,"featured_media":22080,"comment_status":"closed","ping_status":"closed","sticky":false,"template":"","format":"standard","meta":{"inline_featured_image":false,"footnotes":""},"categories":[40,5,55,9],"tags":[],"class_list":["post-22071","post","type-post","status-publish","format-standard","has-post-thumbnail","hentry","category-eventos","category-franquicias","category-marcas","category-real-estate"],"yoast_head":"<!-- This site is optimized with the Yoast SEO plugin v19.3 - https:\/\/yoast.com\/wordpress\/plugins\/seo\/ -->\n<title>The Simple Rent y Fotocasa: una alianza estrat\u00e9gica para impulsar el talento inmobiliario - The Simple Rent Blog<\/title>\n<meta name=\"robots\" content=\"index, follow, max-snippet:-1, max-image-preview:large, max-video-preview:-1\" \/>\n<link rel=\"canonical\" href=\"https:\/\/thesimplerent.com\/blog\/the-simple-rent-y-fotocasa-una-alianza-estrategica-para-impulsar-el-talento-inmobiliario\/\" \/>\n<meta property=\"og:locale\" content=\"es_ES\" \/>\n<meta property=\"og:type\" content=\"article\" \/>\n<meta property=\"og:title\" content=\"The Simple Rent y Fotocasa: una alianza estrat\u00e9gica para impulsar el talento inmobiliario - The Simple Rent Blog\" \/>\n<meta property=\"og:description\" content=\"En un sector tan din\u00e1mico como el inmobiliario, adaptarse ya no es suficiente. Hay que anticiparse. En The Simple Rent, siempre hemos apostado por la formaci\u00f3n continua, la innovaci\u00f3n y&#046;&#046;&#046;\" \/>\n<meta property=\"og:url\" content=\"https:\/\/thesimplerent.com\/blog\/the-simple-rent-y-fotocasa-una-alianza-estrategica-para-impulsar-el-talento-inmobiliario\/\" \/>\n<meta property=\"og:site_name\" content=\"The Simple Rent Blog\" \/>\n<meta property=\"article:published_time\" content=\"2025-06-04T16:07:28+00:00\" \/>\n<meta property=\"article:modified_time\" content=\"2025-06-04T16:07:29+00:00\" \/>\n<meta property=\"og:image\" content=\"https:\/\/thesimplerent.com\/blog\/wp-content\/uploads\/2025\/06\/academy25_anteriores_pic1.jpg\" \/>\n\t<meta property=\"og:image:width\" content=\"1200\" \/>\n\t<meta property=\"og:image:height\" content=\"900\" \/>\n\t<meta property=\"og:image:type\" content=\"image\/jpeg\" \/>\n<meta name=\"author\" content=\"The Simple Rent\" \/>\n<meta name=\"twitter:card\" content=\"summary_large_image\" \/>\n<meta name=\"twitter:label1\" content=\"Escrito por\" \/>\n\t<meta name=\"twitter:data1\" content=\"The Simple Rent\" \/>\n\t<meta name=\"twitter:label2\" content=\"Tiempo de lectura\" \/>\n\t<meta name=\"twitter:data2\" content=\"3 minutos\" \/>\n<script type=\"application\/ld+json\" class=\"yoast-schema-graph\">{\"@context\":\"https:\/\/schema.org\",\"@graph\":[{\"@type\":\"Organization\",\"@id\":\"https:\/\/thesimplerent.com\/blog\/#organization\",\"name\":\"The Simple Rent Blog\",\"url\":\"https:\/\/thesimplerent.com\/blog\/\",\"sameAs\":[],\"logo\":{\"@type\":\"ImageObject\",\"inLanguage\":\"es\",\"@id\":\"https:\/\/thesimplerent.com\/blog\/#\/schema\/logo\/image\/\",\"url\":\"https:\/\/thesimplerent.com\/blog\/wp-content\/uploads\/2022\/07\/logo-tsr-blue.svg\",\"contentUrl\":\"https:\/\/thesimplerent.com\/blog\/wp-content\/uploads\/2022\/07\/logo-tsr-blue.svg\",\"width\":400,\"height\":100,\"caption\":\"The Simple Rent Blog\"},\"image\":{\"@id\":\"https:\/\/thesimplerent.com\/blog\/#\/schema\/logo\/image\/\"}},{\"@type\":\"WebSite\",\"@id\":\"https:\/\/thesimplerent.com\/blog\/#website\",\"url\":\"https:\/\/thesimplerent.com\/blog\/\",\"name\":\"The Simple Rent Blog\",\"description\":\"Descubre Las \u00daltimas Noticias de TSR\",\"publisher\":{\"@id\":\"https:\/\/thesimplerent.com\/blog\/#organization\"},\"potentialAction\":[{\"@type\":\"SearchAction\",\"target\":{\"@type\":\"EntryPoint\",\"urlTemplate\":\"https:\/\/thesimplerent.com\/blog\/?s={search_term_string}\"},\"query-input\":\"required name=search_term_string\"}],\"inLanguage\":\"es\"},{\"@type\":\"ImageObject\",\"inLanguage\":\"es\",\"@id\":\"https:\/\/thesimplerent.com\/blog\/the-simple-rent-y-fotocasa-una-alianza-estrategica-para-impulsar-el-talento-inmobiliario\/#primaryimage\",\"url\":\"https:\/\/thesimplerent.com\/blog\/wp-content\/uploads\/2025\/06\/academy25_anteriores_pic1.jpg\",\"contentUrl\":\"https:\/\/thesimplerent.com\/blog\/wp-content\/uploads\/2025\/06\/academy25_anteriores_pic1.jpg\",\"width\":1200,\"height\":900},{\"@type\":\"WebPage\",\"@id\":\"https:\/\/thesimplerent.com\/blog\/the-simple-rent-y-fotocasa-una-alianza-estrategica-para-impulsar-el-talento-inmobiliario\/\",\"url\":\"https:\/\/thesimplerent.com\/blog\/the-simple-rent-y-fotocasa-una-alianza-estrategica-para-impulsar-el-talento-inmobiliario\/\",\"name\":\"The Simple Rent y Fotocasa: una alianza estrat\u00e9gica para impulsar el talento inmobiliario - The Simple Rent Blog\",\"isPartOf\":{\"@id\":\"https:\/\/thesimplerent.com\/blog\/#website\"},\"primaryImageOfPage\":{\"@id\":\"https:\/\/thesimplerent.com\/blog\/the-simple-rent-y-fotocasa-una-alianza-estrategica-para-impulsar-el-talento-inmobiliario\/#primaryimage\"},\"datePublished\":\"2025-06-04T16:07:28+00:00\",\"dateModified\":\"2025-06-04T16:07:29+00:00\",\"breadcrumb\":{\"@id\":\"https:\/\/thesimplerent.com\/blog\/the-simple-rent-y-fotocasa-una-alianza-estrategica-para-impulsar-el-talento-inmobiliario\/#breadcrumb\"},\"inLanguage\":\"es\",\"potentialAction\":[{\"@type\":\"ReadAction\",\"target\":[\"https:\/\/thesimplerent.com\/blog\/the-simple-rent-y-fotocasa-una-alianza-estrategica-para-impulsar-el-talento-inmobiliario\/\"]}]},{\"@type\":\"BreadcrumbList\",\"@id\":\"https:\/\/thesimplerent.com\/blog\/the-simple-rent-y-fotocasa-una-alianza-estrategica-para-impulsar-el-talento-inmobiliario\/#breadcrumb\",\"itemListElement\":[{\"@type\":\"ListItem\",\"position\":1,\"name\":\"Portada\",\"item\":\"https:\/\/thesimplerent.com\/blog\/\"},{\"@type\":\"ListItem\",\"position\":2,\"name\":\"The Simple Rent y Fotocasa: una alianza estrat\u00e9gica para impulsar el talento inmobiliario\"}]},{\"@type\":\"Article\",\"@id\":\"https:\/\/thesimplerent.com\/blog\/the-simple-rent-y-fotocasa-una-alianza-estrategica-para-impulsar-el-talento-inmobiliario\/#article\",\"isPartOf\":{\"@id\":\"https:\/\/thesimplerent.com\/blog\/the-simple-rent-y-fotocasa-una-alianza-estrategica-para-impulsar-el-talento-inmobiliario\/\"},\"author\":{\"name\":\"The Simple Rent\",\"@id\":\"https:\/\/thesimplerent.com\/blog\/#\/schema\/person\/f78c5bf3d056f232aaf4aa9978364db2\"},\"headline\":\"The Simple Rent y Fotocasa: una alianza estrat\u00e9gica para impulsar el talento inmobiliario\",\"datePublished\":\"2025-06-04T16:07:28+00:00\",\"dateModified\":\"2025-06-04T16:07:29+00:00\",\"mainEntityOfPage\":{\"@id\":\"https:\/\/thesimplerent.com\/blog\/the-simple-rent-y-fotocasa-una-alianza-estrategica-para-impulsar-el-talento-inmobiliario\/\"},\"wordCount\":663,\"publisher\":{\"@id\":\"https:\/\/thesimplerent.com\/blog\/#organization\"},\"image\":{\"@id\":\"https:\/\/thesimplerent.com\/blog\/the-simple-rent-y-fotocasa-una-alianza-estrategica-para-impulsar-el-talento-inmobiliario\/#primaryimage\"},\"thumbnailUrl\":\"https:\/\/thesimplerent.com\/blog\/wp-content\/uploads\/2025\/06\/academy25_anteriores_pic1.jpg\",\"articleSection\":[\"Eventos\",\"Franquicias\",\"Marcas\",\"Real Estate\"],\"inLanguage\":\"es\"},{\"@type\":\"Person\",\"@id\":\"https:\/\/thesimplerent.com\/blog\/#\/schema\/person\/f78c5bf3d056f232aaf4aa9978364db2\",\"name\":\"The Simple Rent\",\"image\":{\"@type\":\"ImageObject\",\"inLanguage\":\"es\",\"@id\":\"https:\/\/thesimplerent.com\/blog\/#\/schema\/person\/image\/\",\"url\":\"https:\/\/secure.gravatar.com\/avatar\/568643673988fe28c01351b530bfa3e4bfbe9b15db37595c946998f7e48447ba?s=96&d=mm&r=g\",\"contentUrl\":\"https:\/\/secure.gravatar.com\/avatar\/568643673988fe28c01351b530bfa3e4bfbe9b15db37595c946998f7e48447ba?s=96&d=mm&r=g\",\"caption\":\"The Simple Rent\"},\"url\":\"https:\/\/thesimplerent.com\/blog\/author\/comunicacion\/\"}]}<\/script>\n<!-- \/ Yoast SEO plugin. -->","yoast_head_json":{"title":"The Simple Rent y Fotocasa: una alianza estrat\u00e9gica para impulsar el talento inmobiliario - The Simple Rent Blog","robots":{"index":"index","follow":"follow","max-snippet":"max-snippet:-1","max-image-preview":"max-image-preview:large","max-video-preview":"max-video-preview:-1"},"canonical":"https:\/\/thesimplerent.com\/blog\/the-simple-rent-y-fotocasa-una-alianza-estrategica-para-impulsar-el-talento-inmobiliario\/","og_locale":"es_ES","og_type":"article","og_title":"The Simple Rent y Fotocasa: una alianza estrat\u00e9gica para impulsar el talento inmobiliario - The Simple Rent Blog","og_description":"En un sector tan din\u00e1mico como el inmobiliario, adaptarse ya no es suficiente. Hay que anticiparse. En The Simple Rent, siempre hemos apostado por la formaci\u00f3n continua, la innovaci\u00f3n y&#46;&#46;&#46;","og_url":"https:\/\/thesimplerent.com\/blog\/the-simple-rent-y-fotocasa-una-alianza-estrategica-para-impulsar-el-talento-inmobiliario\/","og_site_name":"The Simple Rent Blog","article_published_time":"2025-06-04T16:07:28+00:00","article_modified_time":"2025-06-04T16:07:29+00:00","og_image":[{"width":1200,"height":900,"url":"https:\/\/thesimplerent.com\/blog\/wp-content\/uploads\/2025\/06\/academy25_anteriores_pic1.jpg","type":"image\/jpeg"}],"author":"The Simple Rent","twitter_card":"summary_large_image","twitter_misc":{"Escrito por":"The Simple Rent","Tiempo de lectura":"3 minutos"},"schema":{"@context":"https:\/\/schema.org","@graph":[{"@type":"Organization","@id":"https:\/\/thesimplerent.com\/blog\/#organization","name":"The Simple Rent Blog","url":"https:\/\/thesimplerent.com\/blog\/","sameAs":[],"logo":{"@type":"ImageObject","inLanguage":"es","@id":"https:\/\/thesimplerent.com\/blog\/#\/schema\/logo\/image\/","url":"https:\/\/thesimplerent.com\/blog\/wp-content\/uploads\/2022\/07\/logo-tsr-blue.svg","contentUrl":"https:\/\/thesimplerent.com\/blog\/wp-content\/uploads\/2022\/07\/logo-tsr-blue.svg","width":400,"height":100,"caption":"The Simple Rent Blog"},"image":{"@id":"https:\/\/thesimplerent.com\/blog\/#\/schema\/logo\/image\/"}},{"@type":"WebSite","@id":"https:\/\/thesimplerent.com\/blog\/#website","url":"https:\/\/thesimplerent.com\/blog\/","name":"The Simple Rent Blog","description":"Descubre Las \u00daltimas Noticias de TSR","publisher":{"@id":"https:\/\/thesimplerent.com\/blog\/#organization"},"potentialAction":[{"@type":"SearchAction","target":{"@type":"EntryPoint","urlTemplate":"https:\/\/thesimplerent.com\/blog\/?s={search_term_string}"},"query-input":"required name=search_term_string"}],"inLanguage":"es"},{"@type":"ImageObject","inLanguage":"es","@id":"https:\/\/thesimplerent.com\/blog\/the-simple-rent-y-fotocasa-una-alianza-estrategica-para-impulsar-el-talento-inmobiliario\/#primaryimage","url":"https:\/\/thesimplerent.com\/blog\/wp-content\/uploads\/2025\/06\/academy25_anteriores_pic1.jpg","contentUrl":"https:\/\/thesimplerent.com\/blog\/wp-content\/uploads\/2025\/06\/academy25_anteriores_pic1.jpg","width":1200,"height":900},{"@type":"WebPage","@id":"https:\/\/thesimplerent.com\/blog\/the-simple-rent-y-fotocasa-una-alianza-estrategica-para-impulsar-el-talento-inmobiliario\/","url":"https:\/\/thesimplerent.com\/blog\/the-simple-rent-y-fotocasa-una-alianza-estrategica-para-impulsar-el-talento-inmobiliario\/","name":"The Simple Rent y Fotocasa: una alianza estrat\u00e9gica para impulsar el talento inmobiliario - The Simple Rent Blog","isPartOf":{"@id":"https:\/\/thesimplerent.com\/blog\/#website"},"primaryImageOfPage":{"@id":"https:\/\/thesimplerent.com\/blog\/the-simple-rent-y-fotocasa-una-alianza-estrategica-para-impulsar-el-talento-inmobiliario\/#primaryimage"},"datePublished":"2025-06-04T16:07:28+00:00","dateModified":"2025-06-04T16:07:29+00:00","breadcrumb":{"@id":"https:\/\/thesimplerent.com\/blog\/the-simple-rent-y-fotocasa-una-alianza-estrategica-para-impulsar-el-talento-inmobiliario\/#breadcrumb"},"inLanguage":"es","potentialAction":[{"@type":"ReadAction","target":["https:\/\/thesimplerent.com\/blog\/the-simple-rent-y-fotocasa-una-alianza-estrategica-para-impulsar-el-talento-inmobiliario\/"]}]},{"@type":"BreadcrumbList","@id":"https:\/\/thesimplerent.com\/blog\/the-simple-rent-y-fotocasa-una-alianza-estrategica-para-impulsar-el-talento-inmobiliario\/#breadcrumb","itemListElement":[{"@type":"ListItem","position":1,"name":"Portada","item":"https:\/\/thesimplerent.com\/blog\/"},{"@type":"ListItem","position":2,"name":"The Simple Rent y Fotocasa: una alianza estrat\u00e9gica para impulsar el talento inmobiliario"}]},{"@type":"Article","@id":"https:\/\/thesimplerent.com\/blog\/the-simple-rent-y-fotocasa-una-alianza-estrategica-para-impulsar-el-talento-inmobiliario\/#article","isPartOf":{"@id":"https:\/\/thesimplerent.com\/blog\/the-simple-rent-y-fotocasa-una-alianza-estrategica-para-impulsar-el-talento-inmobiliario\/"},"author":{"name":"The Simple Rent","@id":"https:\/\/thesimplerent.com\/blog\/#\/schema\/person\/f78c5bf3d056f232aaf4aa9978364db2"},"headline":"The Simple Rent y Fotocasa: una alianza estrat\u00e9gica para impulsar el talento inmobiliario","datePublished":"2025-06-04T16:07:28+00:00","dateModified":"2025-06-04T16:07:29+00:00","mainEntityOfPage":{"@id":"https:\/\/thesimplerent.com\/blog\/the-simple-rent-y-fotocasa-una-alianza-estrategica-para-impulsar-el-talento-inmobiliario\/"},"wordCount":663,"publisher":{"@id":"https:\/\/thesimplerent.com\/blog\/#organization"},"image":{"@id":"https:\/\/thesimplerent.com\/blog\/the-simple-rent-y-fotocasa-una-alianza-estrategica-para-impulsar-el-talento-inmobiliario\/#primaryimage"},"thumbnailUrl":"https:\/\/thesimplerent.com\/blog\/wp-content\/uploads\/2025\/06\/academy25_anteriores_pic1.jpg","articleSection":["Eventos","Franquicias","Marcas","Real Estate"],"inLanguage":"es"},{"@type":"Person","@id":"https:\/\/thesimplerent.com\/blog\/#\/schema\/person\/f78c5bf3d056f232aaf4aa9978364db2","name":"The Simple Rent","image":{"@type":"ImageObject","inLanguage":"es","@id":"https:\/\/thesimplerent.com\/blog\/#\/schema\/person\/image\/","url":"https:\/\/secure.gravatar.com\/avatar\/568643673988fe28c01351b530bfa3e4bfbe9b15db37595c946998f7e48447ba?s=96&d=mm&r=g","contentUrl":"https:\/\/secure.gravatar.com\/avatar\/568643673988fe28c01351b530bfa3e4bfbe9b15db37595c946998f7e48447ba?s=96&d=mm&r=g","caption":"The Simple Rent"},"url":"https:\/\/thesimplerent.com\/blog\/author\/comunicacion\/"}]}},"_links":{"self":[{"href":"https:\/\/thesimplerent.com\/blog\/wp-json\/wp\/v2\/posts\/22071","targetHints":{"allow":["GET"]}}],"collection":[{"href":"https:\/\/thesimplerent.com\/blog\/wp-json\/wp\/v2\/posts"}],"about":[{"href":"https:\/\/thesimplerent.com\/blog\/wp-json\/wp\/v2\/types\/post"}],"author":[{"embeddable":true,"href":"https:\/\/thesimplerent.com\/blog\/wp-json\/wp\/v2\/users\/2"}],"replies":[{"embeddable":true,"href":"https:\/\/thesimplerent.com\/blog\/wp-json\/wp\/v2\/comments?post=22071"}],"version-history":[{"count":11,"href":"https:\/\/thesimplerent.com\/blog\/wp-json\/wp\/v2\/posts\/22071\/revisions"}],"predecessor-version":[{"id":22085,"href":"https:\/\/thesimplerent.com\/blog\/wp-json\/wp\/v2\/posts\/22071\/revisions\/22085"}],"wp:featuredmedia":[{"embeddable":true,"href":"https:\/\/thesimplerent.com\/blog\/wp-json\/wp\/v2\/media\/22080"}],"wp:attachment":[{"href":"https:\/\/thesimplerent.com\/blog\/wp-json\/wp\/v2\/media?parent=22071"}],"wp:term":[{"taxonomy":"category","embeddable":true,"href":"https:\/\/thesimplerent.com\/blog\/wp-json\/wp\/v2\/categories?post=22071"},{"taxonomy":"post_tag","embeddable":true,"href":"https:\/\/thesimplerent.com\/blog\/wp-json\/wp\/v2\/tags?post=22071"}],"curies":[{"name":"wp","href":"https:\/\/api.w.org\/{rel}","templated":true}]}}