{"id":21792,"date":"2025-01-10T10:04:44","date_gmt":"2025-01-10T10:04:44","guid":{"rendered":"https:\/\/thesimplerent.com\/blog\/?p=21792"},"modified":"2025-01-10T10:13:23","modified_gmt":"2025-01-10T10:13:23","slug":"el-auge-del-senior-living-en-espana","status":"publish","type":"post","link":"https:\/\/thesimplerent.com\/blog\/el-auge-del-senior-living-en-espana\/","title":{"rendered":"El auge del Senior Living en Espa\u00f1a"},"content":{"rendered":"\t\t<div data-elementor-type=\"wp-post\" data-elementor-id=\"21792\" class=\"elementor elementor-21792\">\n\t\t\t\t\t\t\t\t\t<section class=\"elementor-section elementor-top-section elementor-element elementor-element-93c851e elementor-section-boxed elementor-section-height-default elementor-section-height-default\" data-id=\"93c851e\" data-element_type=\"section\">\n\t\t\t\t\t\t<div class=\"elementor-container elementor-column-gap-default\">\n\t\t\t\t\t<div class=\"elementor-column elementor-col-100 elementor-top-column elementor-element elementor-element-e73b453\" data-id=\"e73b453\" data-element_type=\"column\">\n\t\t\t<div class=\"elementor-widget-wrap elementor-element-populated\">\n\t\t\t\t\t\t\t\t<div class=\"elementor-element elementor-element-43238c6 elementor-widget elementor-widget-text-editor\" data-id=\"43238c6\" data-element_type=\"widget\" data-widget_type=\"text-editor.default\">\n\t\t\t\t<div class=\"elementor-widget-container\">\n\t\t\t<style>\/*! elementor - v3.6.7 - 03-07-2022 *\/\n.elementor-widget-text-editor.elementor-drop-cap-view-stacked .elementor-drop-cap{background-color:#818a91;color:#fff}.elementor-widget-text-editor.elementor-drop-cap-view-framed .elementor-drop-cap{color:#818a91;border:3px solid;background-color:transparent}.elementor-widget-text-editor:not(.elementor-drop-cap-view-default) .elementor-drop-cap{margin-top:8px}.elementor-widget-text-editor:not(.elementor-drop-cap-view-default) .elementor-drop-cap-letter{width:1em;height:1em}.elementor-widget-text-editor .elementor-drop-cap{float:left;text-align:center;line-height:1;font-size:50px}.elementor-widget-text-editor .elementor-drop-cap-letter{display:inline-block}<\/style>\t\t\t\t<p>Espa\u00f1a se consolida como uno de los principales destinos europeos para el desarrollo de complejos residenciales bajo el modelo de <b>Senior Living<\/b>. Este concepto, dirigido a personas mayores independientes, combina vivienda de lujo con servicios exclusivos adaptados a quienes desean disfrutar de su jubilaci\u00f3n con comodidad y calidad.\u00a0<\/p>\t\t\t\t\t\t<\/div>\n\t\t\t\t<\/div>\n\t\t\t\t\t<\/div>\n\t\t<\/div>\n\t\t\t\t\t\t\t<\/div>\n\t\t<\/section>\n\t\t\t\t<section class=\"elementor-section elementor-top-section elementor-element elementor-element-ef327bc elementor-section-boxed elementor-section-height-default elementor-section-height-default\" data-id=\"ef327bc\" data-element_type=\"section\">\n\t\t\t\t\t\t<div class=\"elementor-container elementor-column-gap-default\">\n\t\t\t\t\t<div class=\"elementor-column elementor-col-100 elementor-top-column elementor-element elementor-element-c81de14\" data-id=\"c81de14\" data-element_type=\"column\">\n\t\t\t<div class=\"elementor-widget-wrap elementor-element-populated\">\n\t\t\t\t\t\t\t\t<div class=\"elementor-element elementor-element-2d8e719 elementor-widget elementor-widget-heading\" data-id=\"2d8e719\" data-element_type=\"widget\" data-widget_type=\"heading.default\">\n\t\t\t\t<div class=\"elementor-widget-container\">\n\t\t\t<style>\/*! elementor - v3.6.7 - 03-07-2022 *\/\n.elementor-heading-title{padding:0;margin:0;line-height:1}.elementor-widget-heading .elementor-heading-title[class*=elementor-size-]>a{color:inherit;font-size:inherit;line-height:inherit}.elementor-widget-heading .elementor-heading-title.elementor-size-small{font-size:15px}.elementor-widget-heading .elementor-heading-title.elementor-size-medium{font-size:19px}.elementor-widget-heading .elementor-heading-title.elementor-size-large{font-size:29px}.elementor-widget-heading .elementor-heading-title.elementor-size-xl{font-size:39px}.elementor-widget-heading .elementor-heading-title.elementor-size-xxl{font-size:59px}<\/style><h4 class=\"elementor-heading-title elementor-size-default\">\u00bfQu\u00e9 es el Senior Living?<\/h4>\t\t<\/div>\n\t\t\t\t<\/div>\n\t\t\t\t\t<\/div>\n\t\t<\/div>\n\t\t\t\t\t\t\t<\/div>\n\t\t<\/section>\n\t\t\t\t<section class=\"elementor-section elementor-top-section elementor-element elementor-element-0d38b01 elementor-section-boxed elementor-section-height-default elementor-section-height-default\" data-id=\"0d38b01\" data-element_type=\"section\">\n\t\t\t\t\t\t<div class=\"elementor-container elementor-column-gap-default\">\n\t\t\t\t\t<div class=\"elementor-column elementor-col-100 elementor-top-column elementor-element elementor-element-4f7cd0d\" data-id=\"4f7cd0d\" data-element_type=\"column\">\n\t\t\t<div class=\"elementor-widget-wrap elementor-element-populated\">\n\t\t\t\t\t\t\t\t<div class=\"elementor-element elementor-element-e0401a6 elementor-widget elementor-widget-text-editor\" data-id=\"e0401a6\" data-element_type=\"widget\" data-widget_type=\"text-editor.default\">\n\t\t\t\t<div class=\"elementor-widget-container\">\n\t\t\t\t\t\t\t<p>En el sector inmobiliario se refiere a aquellos <b>proyectos desarrollados y dise\u00f1ados espec\u00edficamente para personas mayores<\/b>, generalmente a partir de los 55 o 60 a\u00f1os. Es un concepto que va m\u00e1s all\u00e1 de la vivienda tradicional, integrando servicios y caracter\u00edsticas que mejoran la calidad de vida, la seguridad y el bienestar de este grupo de personas.\u00a0<\/p><p>Abarca distintos tipos de propiedades y modelos seg\u00fan las necesidades de los residentes.\u00a0<\/p>\t\t\t\t\t\t<\/div>\n\t\t\t\t<\/div>\n\t\t\t\t\t<\/div>\n\t\t<\/div>\n\t\t\t\t\t\t\t<\/div>\n\t\t<\/section>\n\t\t\t\t<section class=\"elementor-section elementor-top-section elementor-element elementor-element-e69e80c elementor-section-boxed elementor-section-height-default elementor-section-height-default\" data-id=\"e69e80c\" data-element_type=\"section\">\n\t\t\t\t\t\t<div class=\"elementor-container elementor-column-gap-default\">\n\t\t\t\t\t<div class=\"elementor-column elementor-col-100 elementor-top-column elementor-element elementor-element-6ed9a03\" data-id=\"6ed9a03\" data-element_type=\"column\">\n\t\t\t<div class=\"elementor-widget-wrap elementor-element-populated\">\n\t\t\t\t\t\t\t\t<div class=\"elementor-element elementor-element-bcf2d7b elementor-widget elementor-widget-heading\" data-id=\"bcf2d7b\" data-element_type=\"widget\" data-widget_type=\"heading.default\">\n\t\t\t\t<div class=\"elementor-widget-container\">\n\t\t\t<h4 class=\"elementor-heading-title elementor-size-default\">Crecimiento exponencial: Una inversi\u00f3n de 3.000 millones de euros en los pr\u00f3ximos 3 a\u00f1os<\/h4>\t\t<\/div>\n\t\t\t\t<\/div>\n\t\t\t\t\t<\/div>\n\t\t<\/div>\n\t\t\t\t\t\t\t<\/div>\n\t\t<\/section>\n\t\t\t\t<section class=\"elementor-section elementor-top-section elementor-element elementor-element-9a09a1c elementor-section-boxed elementor-section-height-default elementor-section-height-default\" data-id=\"9a09a1c\" data-element_type=\"section\">\n\t\t\t\t\t\t<div class=\"elementor-container elementor-column-gap-default\">\n\t\t\t\t\t<div class=\"elementor-column elementor-col-100 elementor-top-column elementor-element elementor-element-316d28d\" data-id=\"316d28d\" data-element_type=\"column\">\n\t\t\t<div class=\"elementor-widget-wrap elementor-element-populated\">\n\t\t\t\t\t\t\t\t<div class=\"elementor-element elementor-element-7587712 elementor-widget elementor-widget-text-editor\" data-id=\"7587712\" data-element_type=\"widget\" data-widget_type=\"text-editor.default\">\n\t\t\t\t<div class=\"elementor-widget-container\">\n\t\t\t\t\t\t\t<p>Actualmente, Espa\u00f1a cuenta con m\u00e1s de <b>50 complejos operativos que ofrecen alrededor de 3.785 unidades residenciales<\/b> dise\u00f1adas para mayores independientes. Este sector representa ya el 9% de las inversiones inmobiliarias en el pa\u00eds y se estima que, en los pr\u00f3ximos tres a\u00f1os, recibir\u00e1 una <b>inversi\u00f3n cercana a los 3.000 millones de euros<\/b>, impulsada principalmente por la entrada de capital extranjero de fondos europeos y norteamericanos. Este crecimiento se sustenta en la atractiva <b>rentabilidad del sector<\/b>, que oscila entre un <b>4% y un 5% anual<\/b>.\u00a0<\/p>\t\t\t\t\t\t<\/div>\n\t\t\t\t<\/div>\n\t\t\t\t\t<\/div>\n\t\t<\/div>\n\t\t\t\t\t\t\t<\/div>\n\t\t<\/section>\n\t\t\t\t<section class=\"elementor-section elementor-top-section elementor-element elementor-element-ea6be1a elementor-section-boxed elementor-section-height-default elementor-section-height-default\" data-id=\"ea6be1a\" data-element_type=\"section\">\n\t\t\t\t\t\t<div class=\"elementor-container elementor-column-gap-default\">\n\t\t\t\t\t<div class=\"elementor-column elementor-col-100 elementor-top-column elementor-element elementor-element-85224e7\" data-id=\"85224e7\" data-element_type=\"column\">\n\t\t\t<div class=\"elementor-widget-wrap elementor-element-populated\">\n\t\t\t\t\t\t\t\t<div class=\"elementor-element elementor-element-96b946d elementor-widget-divider--view-line elementor-widget elementor-widget-divider\" data-id=\"96b946d\" data-element_type=\"widget\" data-widget_type=\"divider.default\">\n\t\t\t\t<div class=\"elementor-widget-container\">\n\t\t\t<style>\/*! elementor - v3.6.7 - 03-07-2022 *\/\n.elementor-widget-divider{--divider-border-style:none;--divider-border-width:1px;--divider-color:#2c2c2c;--divider-icon-size:20px;--divider-element-spacing:10px;--divider-pattern-height:24px;--divider-pattern-size:20px;--divider-pattern-url:none;--divider-pattern-repeat:repeat-x}.elementor-widget-divider .elementor-divider{display:-webkit-box;display:-ms-flexbox;display:flex}.elementor-widget-divider .elementor-divider__text{font-size:15px;line-height:1;max-width:95%}.elementor-widget-divider .elementor-divider__element{margin:0 var(--divider-element-spacing);-ms-flex-negative:0;flex-shrink:0}.elementor-widget-divider .elementor-icon{font-size:var(--divider-icon-size)}.elementor-widget-divider .elementor-divider-separator{display:-webkit-box;display:-ms-flexbox;display:flex;margin:0;direction:ltr}.elementor-widget-divider--view-line_icon .elementor-divider-separator,.elementor-widget-divider--view-line_text .elementor-divider-separator{-webkit-box-align:center;-ms-flex-align:center;align-items:center}.elementor-widget-divider--view-line_icon .elementor-divider-separator:after,.elementor-widget-divider--view-line_icon .elementor-divider-separator:before,.elementor-widget-divider--view-line_text .elementor-divider-separator:after,.elementor-widget-divider--view-line_text .elementor-divider-separator:before{display:block;content:\"\";border-bottom:0;-webkit-box-flex:1;-ms-flex-positive:1;flex-grow:1;border-top:var(--divider-border-width) var(--divider-border-style) var(--divider-color)}.elementor-widget-divider--element-align-left .elementor-divider .elementor-divider-separator>.elementor-divider__svg:first-of-type{-webkit-box-flex:0;-ms-flex-positive:0;flex-grow:0;-ms-flex-negative:100;flex-shrink:100}.elementor-widget-divider--element-align-left .elementor-divider-separator:before{content:none}.elementor-widget-divider--element-align-left .elementor-divider__element{margin-left:0}.elementor-widget-divider--element-align-right .elementor-divider .elementor-divider-separator>.elementor-divider__svg:last-of-type{-webkit-box-flex:0;-ms-flex-positive:0;flex-grow:0;-ms-flex-negative:100;flex-shrink:100}.elementor-widget-divider--element-align-right .elementor-divider-separator:after{content:none}.elementor-widget-divider--element-align-right .elementor-divider__element{margin-right:0}.elementor-widget-divider:not(.elementor-widget-divider--view-line_text):not(.elementor-widget-divider--view-line_icon) .elementor-divider-separator{border-top:var(--divider-border-width) var(--divider-border-style) var(--divider-color)}.elementor-widget-divider--separator-type-pattern{--divider-border-style:none}.elementor-widget-divider--separator-type-pattern.elementor-widget-divider--view-line .elementor-divider-separator,.elementor-widget-divider--separator-type-pattern:not(.elementor-widget-divider--view-line) .elementor-divider-separator:after,.elementor-widget-divider--separator-type-pattern:not(.elementor-widget-divider--view-line) .elementor-divider-separator:before,.elementor-widget-divider--separator-type-pattern:not([class*=elementor-widget-divider--view]) .elementor-divider-separator{width:100%;min-height:var(--divider-pattern-height);-webkit-mask-size:var(--divider-pattern-size) 100%;mask-size:var(--divider-pattern-size) 100%;-webkit-mask-repeat:var(--divider-pattern-repeat);mask-repeat:var(--divider-pattern-repeat);background-color:var(--divider-color);-webkit-mask-image:var(--divider-pattern-url);mask-image:var(--divider-pattern-url)}.elementor-widget-divider--no-spacing{--divider-pattern-size:auto}.elementor-widget-divider--bg-round{--divider-pattern-repeat:round}.rtl .elementor-widget-divider .elementor-divider__text{direction:rtl}<\/style>\t\t<div class=\"elementor-divider\">\n\t\t\t<span class=\"elementor-divider-separator\">\n\t\t\t\t\t\t<\/span>\n\t\t<\/div>\n\t\t\t\t<\/div>\n\t\t\t\t<\/div>\n\t\t\t\t\t<\/div>\n\t\t<\/div>\n\t\t\t\t\t\t\t<\/div>\n\t\t<\/section>\n\t\t\t\t<section class=\"elementor-section elementor-top-section elementor-element elementor-element-e0c1c33 elementor-section-boxed elementor-section-height-default elementor-section-height-default\" data-id=\"e0c1c33\" data-element_type=\"section\">\n\t\t\t\t\t\t<div class=\"elementor-container elementor-column-gap-default\">\n\t\t\t\t\t<div class=\"elementor-column elementor-col-100 elementor-top-column elementor-element elementor-element-5aeae45\" data-id=\"5aeae45\" data-element_type=\"column\">\n\t\t\t<div class=\"elementor-widget-wrap elementor-element-populated\">\n\t\t\t\t\t\t\t\t<div class=\"elementor-element elementor-element-569986c elementor-widget elementor-widget-text-editor\" data-id=\"569986c\" data-element_type=\"widget\" data-widget_type=\"text-editor.default\">\n\t\t\t\t<div class=\"elementor-widget-container\">\n\t\t\t\t\t\t\t<h5>Sonia Campuzano, CEO de The Simple Rent<span style=\"font-weight: normal;\"> explica <i>\u00abEl Senior Living ya representa el 9% de la inversi\u00f3n total en vivienda residencial del pa\u00eds y <\/i><\/span><i>requiere una inversi\u00f3n anual de 1.445 millones de euros hasta 2030<span style=\"font-weight: normal;\"> para satisfacer la demanda proyectada\u00bb.&nbsp;<\/span><\/i><\/h5>\t\t\t\t\t\t<\/div>\n\t\t\t\t<\/div>\n\t\t\t\t\t<\/div>\n\t\t<\/div>\n\t\t\t\t\t\t\t<\/div>\n\t\t<\/section>\n\t\t\t\t<section class=\"elementor-section elementor-top-section elementor-element elementor-element-89c6d0b elementor-section-boxed elementor-section-height-default elementor-section-height-default\" data-id=\"89c6d0b\" data-element_type=\"section\">\n\t\t\t\t\t\t<div class=\"elementor-container elementor-column-gap-default\">\n\t\t\t\t\t<div class=\"elementor-column elementor-col-100 elementor-top-column elementor-element elementor-element-305e94d\" data-id=\"305e94d\" data-element_type=\"column\">\n\t\t\t<div class=\"elementor-widget-wrap elementor-element-populated\">\n\t\t\t\t\t\t\t\t<div class=\"elementor-element elementor-element-61ece1b elementor-widget-divider--view-line elementor-widget elementor-widget-divider\" data-id=\"61ece1b\" data-element_type=\"widget\" data-widget_type=\"divider.default\">\n\t\t\t\t<div class=\"elementor-widget-container\">\n\t\t\t\t\t<div class=\"elementor-divider\">\n\t\t\t<span class=\"elementor-divider-separator\">\n\t\t\t\t\t\t<\/span>\n\t\t<\/div>\n\t\t\t\t<\/div>\n\t\t\t\t<\/div>\n\t\t\t\t\t<\/div>\n\t\t<\/div>\n\t\t\t\t\t\t\t<\/div>\n\t\t<\/section>\n\t\t\t\t<section class=\"elementor-section elementor-top-section elementor-element elementor-element-e9411b8 elementor-section-boxed elementor-section-height-default elementor-section-height-default\" data-id=\"e9411b8\" data-element_type=\"section\">\n\t\t\t\t\t\t<div class=\"elementor-container elementor-column-gap-default\">\n\t\t\t\t\t<div class=\"elementor-column elementor-col-100 elementor-top-column elementor-element elementor-element-ae7a8e3\" data-id=\"ae7a8e3\" data-element_type=\"column\">\n\t\t\t<div class=\"elementor-widget-wrap elementor-element-populated\">\n\t\t\t\t\t\t\t\t<div class=\"elementor-element elementor-element-fc6efb5 elementor-widget elementor-widget-image\" data-id=\"fc6efb5\" data-element_type=\"widget\" data-widget_type=\"image.default\">\n\t\t\t\t<div class=\"elementor-widget-container\">\n\t\t\t<style>\/*! elementor - v3.6.7 - 03-07-2022 *\/\n.elementor-widget-image{text-align:center}.elementor-widget-image a{display:inline-block}.elementor-widget-image a img[src$=\".svg\"]{width:48px}.elementor-widget-image img{vertical-align:middle;display:inline-block}<\/style>\t\t\t\t\t\t\t\t\t\t\t\t<img loading=\"lazy\" decoding=\"async\" width=\"1024\" height=\"732\" src=\"https:\/\/thesimplerent.com\/blog\/wp-content\/uploads\/2025\/01\/Diseno-sin-titulo.png\" class=\"attachment-large size-large\" alt=\"\" srcset=\"https:\/\/thesimplerent.com\/blog\/wp-content\/uploads\/2025\/01\/Diseno-sin-titulo.png 1024w, https:\/\/thesimplerent.com\/blog\/wp-content\/uploads\/2025\/01\/Diseno-sin-titulo-300x214.png 300w, https:\/\/thesimplerent.com\/blog\/wp-content\/uploads\/2025\/01\/Diseno-sin-titulo-768x549.png 768w\" sizes=\"auto, (max-width: 1024px) 100vw, 1024px\" \/>\t\t\t\t\t\t\t\t\t\t\t\t\t\t\t<\/div>\n\t\t\t\t<\/div>\n\t\t\t\t\t<\/div>\n\t\t<\/div>\n\t\t\t\t\t\t\t<\/div>\n\t\t<\/section>\n\t\t\t\t<section class=\"elementor-section elementor-top-section elementor-element elementor-element-91a84b8 elementor-section-boxed elementor-section-height-default elementor-section-height-default\" data-id=\"91a84b8\" data-element_type=\"section\">\n\t\t\t\t\t\t<div class=\"elementor-container elementor-column-gap-default\">\n\t\t\t\t\t<div class=\"elementor-column elementor-col-100 elementor-top-column elementor-element elementor-element-173839c\" data-id=\"173839c\" data-element_type=\"column\">\n\t\t\t<div class=\"elementor-widget-wrap elementor-element-populated\">\n\t\t\t\t\t\t\t\t<div class=\"elementor-element elementor-element-f15c81e elementor-widget-divider--view-line elementor-widget elementor-widget-divider\" data-id=\"f15c81e\" data-element_type=\"widget\" data-widget_type=\"divider.default\">\n\t\t\t\t<div class=\"elementor-widget-container\">\n\t\t\t\t\t<div class=\"elementor-divider\">\n\t\t\t<span class=\"elementor-divider-separator\">\n\t\t\t\t\t\t<\/span>\n\t\t<\/div>\n\t\t\t\t<\/div>\n\t\t\t\t<\/div>\n\t\t\t\t\t<\/div>\n\t\t<\/div>\n\t\t\t\t\t\t\t<\/div>\n\t\t<\/section>\n\t\t\t\t<section class=\"elementor-section elementor-top-section elementor-element elementor-element-a3192fd elementor-section-boxed elementor-section-height-default elementor-section-height-default\" data-id=\"a3192fd\" data-element_type=\"section\">\n\t\t\t\t\t\t<div class=\"elementor-container elementor-column-gap-default\">\n\t\t\t\t\t<div class=\"elementor-column elementor-col-100 elementor-top-column elementor-element elementor-element-2704f0c\" data-id=\"2704f0c\" data-element_type=\"column\">\n\t\t\t<div class=\"elementor-widget-wrap elementor-element-populated\">\n\t\t\t\t\t\t\t\t<div class=\"elementor-element elementor-element-93307b4 elementor-widget elementor-widget-text-editor\" data-id=\"93307b4\" data-element_type=\"widget\" data-widget_type=\"text-editor.default\">\n\t\t\t\t<div class=\"elementor-widget-container\">\n\t\t\t\t\t\t\t<p>Descubre m\u00e1s sobre esta noticia y todas nuestras \u00faltimas apariciones en prensa:<\/p>\t\t\t\t\t\t<\/div>\n\t\t\t\t<\/div>\n\t\t\t\t\t<\/div>\n\t\t<\/div>\n\t\t\t\t\t\t\t<\/div>\n\t\t<\/section>\n\t\t\t\t<section class=\"elementor-section elementor-top-section elementor-element elementor-element-cf474e1 elementor-section-boxed elementor-section-height-default elementor-section-height-default\" data-id=\"cf474e1\" data-element_type=\"section\">\n\t\t\t\t\t\t<div class=\"elementor-container elementor-column-gap-default\">\n\t\t\t\t\t<div class=\"elementor-column elementor-col-100 elementor-top-column elementor-element elementor-element-7e9a46f\" data-id=\"7e9a46f\" data-element_type=\"column\">\n\t\t\t<div class=\"elementor-widget-wrap elementor-element-populated\">\n\t\t\t\t\t\t\t\t<div class=\"elementor-element elementor-element-0696d38 elementor-widget elementor-widget-text-editor\" data-id=\"0696d38\" data-element_type=\"widget\" data-widget_type=\"text-editor.default\">\n\t\t\t\t<div class=\"elementor-widget-container\">\n\t\t\t\t\t\t\t<ul><li><strong>alimarket.es \u2013<\/strong>\u00a0<a href=\"https:\/\/www.alimarket.es\/construccion\/noticia\/400265\/el-senior-living-recibira-3-000-m--en-inversion-en-los-proximos-tres-anos\" target=\"_blank\" rel=\"noopener\">www.alimarket.es\/construccion\/noticia\/400265\/el-senior-living-recibira-3-000-m&#8211;en-inversion-en-los-proximos-tres-anos\u00a0<\/a><\/li><li><strong>ejeprime.com \u2013<\/strong>\u00a0<a href=\"https:\/\/www.ejeprime.com\/residencial\/el-senior-living-requiere-mas-de-1445-millones-para-cubrir-la-demanda-segun\" target=\"_blank\" rel=\"noopener\">www.ejeprime.com\/residencial\/el-senior-living-requiere-mas-de-1445-millones-para-cubrir-la-demanda-segun<\/a><\/li><\/ul>\t\t\t\t\t\t<\/div>\n\t\t\t\t<\/div>\n\t\t\t\t\t<\/div>\n\t\t<\/div>\n\t\t\t\t\t\t\t<\/div>\n\t\t<\/section>\n\t\t\t\t<section class=\"elementor-section elementor-top-section elementor-element elementor-element-80853ba elementor-section-boxed elementor-section-height-default elementor-section-height-default\" data-id=\"80853ba\" data-element_type=\"section\">\n\t\t\t\t\t\t<div class=\"elementor-container elementor-column-gap-default\">\n\t\t\t\t\t<div class=\"elementor-column elementor-col-100 elementor-top-column elementor-element elementor-element-fd04393\" data-id=\"fd04393\" data-element_type=\"column\">\n\t\t\t<div class=\"elementor-widget-wrap elementor-element-populated\">\n\t\t\t\t\t\t\t\t<div class=\"elementor-element elementor-element-86d709f elementor-widget elementor-widget-heading\" data-id=\"86d709f\" data-element_type=\"widget\" data-widget_type=\"heading.default\">\n\t\t\t\t<div class=\"elementor-widget-container\">\n\t\t\t<h4 class=\"elementor-heading-title elementor-size-default\"><p style=\"margin: 0cm 0cm 0.0001pt; font-size: 12pt; font-family: Calibri, sans-serif; color: rgb(0, 0, 0); font-weight: 400; white-space: normal;\"><span style=\"color: var( --e-global-color-primary ); font-family: var( --e-global-typography-primary-font-family ), Sans-serif; font-size: 1.5rem; font-weight: var( --e-global-typography-primary-font-weight ); white-space: pre-wrap;\">Ciudades clave: m\u00e1s all\u00e1 de Madrid y Barcelona<\/span><span style=\"color: var( --e-global-color-primary ); font-family: var( --e-global-typography-primary-font-family ), Sans-serif; font-size: 1.5rem; font-weight: var( --e-global-typography-primary-font-weight ); white-space: pre-wrap;\"><\/span><br><\/p><\/h4>\t\t<\/div>\n\t\t\t\t<\/div>\n\t\t\t\t\t<\/div>\n\t\t<\/div>\n\t\t\t\t\t\t\t<\/div>\n\t\t<\/section>\n\t\t\t\t<section class=\"elementor-section elementor-top-section elementor-element elementor-element-dd7f024 elementor-section-boxed elementor-section-height-default elementor-section-height-default\" data-id=\"dd7f024\" data-element_type=\"section\">\n\t\t\t\t\t\t<div class=\"elementor-container elementor-column-gap-default\">\n\t\t\t\t\t<div class=\"elementor-column elementor-col-100 elementor-top-column elementor-element elementor-element-dd4a9a7\" data-id=\"dd4a9a7\" data-element_type=\"column\">\n\t\t\t<div class=\"elementor-widget-wrap elementor-element-populated\">\n\t\t\t\t\t\t\t\t<div class=\"elementor-element elementor-element-834f02e elementor-widget elementor-widget-text-editor\" data-id=\"834f02e\" data-element_type=\"widget\" data-widget_type=\"text-editor.default\">\n\t\t\t\t<div class=\"elementor-widget-container\">\n\t\t\t\t\t\t\t<p>Aunque <b>Madrid y Barcelona<\/b> lideran el desarrollo de este tipo de proyectos inmobiliarios gracias a su avanzada infraestructura y oferta cultural, destinos costeros como <b>M\u00e1laga, Valencia y Palma de Mallorca<\/b> se han consolidado como opciones favoritas, especialmente para extranjeros que buscan un clima c\u00e1lido y una calidad de vida excepcional. Adem\u00e1s ciudades como <b>Bilbao<\/b> destacan por su enfoque en proyectos sostenibles y colaborativos, como el \u00abcohousing\u00bb.<\/p>\t\t\t\t\t\t<\/div>\n\t\t\t\t<\/div>\n\t\t\t\t\t<\/div>\n\t\t<\/div>\n\t\t\t\t\t\t\t<\/div>\n\t\t<\/section>\n\t\t\t\t<section class=\"elementor-section elementor-top-section elementor-element elementor-element-efc72df elementor-section-boxed elementor-section-height-default elementor-section-height-default\" data-id=\"efc72df\" data-element_type=\"section\">\n\t\t\t\t\t\t<div class=\"elementor-container elementor-column-gap-default\">\n\t\t\t\t\t<div class=\"elementor-column elementor-col-100 elementor-top-column elementor-element elementor-element-39a069b\" data-id=\"39a069b\" data-element_type=\"column\">\n\t\t\t<div class=\"elementor-widget-wrap elementor-element-populated\">\n\t\t\t\t\t\t\t\t<div class=\"elementor-element elementor-element-7a251b5 elementor-widget elementor-widget-heading\" data-id=\"7a251b5\" data-element_type=\"widget\" data-widget_type=\"heading.default\">\n\t\t\t\t<div class=\"elementor-widget-container\">\n\t\t\t<h4 class=\"elementor-heading-title elementor-size-default\"><p style=\"margin: 0cm 0cm 0.0001pt; font-size: 12pt; font-family: Calibri, sans-serif; color: rgb(0, 0, 0); font-weight: 400; white-space: normal;\"><span style=\"color: var( --e-global-color-primary ); font-family: var( --e-global-typography-primary-font-family ), Sans-serif; font-size: 1.5rem; font-weight: var( --e-global-typography-primary-font-weight ); white-space: pre-wrap;\">El perfil internacional de Senior Living en Espa\u00f1a<\/span><br><\/p><\/h4>\t\t<\/div>\n\t\t\t\t<\/div>\n\t\t\t\t\t<\/div>\n\t\t<\/div>\n\t\t\t\t\t\t\t<\/div>\n\t\t<\/section>\n\t\t\t\t<section class=\"elementor-section elementor-top-section elementor-element elementor-element-dca6f54 elementor-section-boxed elementor-section-height-default elementor-section-height-default\" data-id=\"dca6f54\" data-element_type=\"section\">\n\t\t\t\t\t\t<div class=\"elementor-container elementor-column-gap-default\">\n\t\t\t\t\t<div class=\"elementor-column elementor-col-100 elementor-top-column elementor-element elementor-element-2eaad54\" data-id=\"2eaad54\" data-element_type=\"column\">\n\t\t\t<div class=\"elementor-widget-wrap elementor-element-populated\">\n\t\t\t\t\t\t\t\t<div class=\"elementor-element elementor-element-cdeba47 elementor-widget elementor-widget-text-editor\" data-id=\"cdeba47\" data-element_type=\"widget\" data-widget_type=\"text-editor.default\">\n\t\t\t\t<div class=\"elementor-widget-container\">\n\t\t\t\t\t\t\t<p>El <b>Senior Living<\/b> en Espa\u00f1a tiene un marcado <b>car\u00e1cter internacional<\/b>. Los jubilados que eligen retirarse en el pa\u00eds provienen principalmente de <b>Reino Unido, Alemani, Francia y los Pa\u00edses Bajos<\/b>. Factores como la estabilidad pol\u00edtica, la atenci\u00f3n sanitaria de calidad, el clima favorable y la rica oferta cultural son determinantes en esta elecci\u00f3n. Los <b>brit\u00e1nicos lideran esta tendencia<\/b>, atra\u00eddos por la conexi\u00f3n hist\u00f3rica con Espa\u00f1a y la presencia de comunidades angloparlantes en regiones como la Costa del Sol y Alicante. Por su parte, <b>alemanes y holandeses<\/b> valoran la tranquilidad y el acceso a viviendas de lujo a precios m\u00e1s asequibles que en sus pa\u00edses de origen, especialmente en entornos como las Islas Baleares.\u00a0<\/p>\t\t\t\t\t\t<\/div>\n\t\t\t\t<\/div>\n\t\t\t\t\t<\/div>\n\t\t<\/div>\n\t\t\t\t\t\t\t<\/div>\n\t\t<\/section>\n\t\t\t\t<section class=\"elementor-section elementor-top-section elementor-element elementor-element-49e0639 elementor-section-boxed elementor-section-height-default elementor-section-height-default\" data-id=\"49e0639\" data-element_type=\"section\">\n\t\t\t\t\t\t<div class=\"elementor-container elementor-column-gap-default\">\n\t\t\t\t\t<div class=\"elementor-column elementor-col-100 elementor-top-column elementor-element elementor-element-f98bc2d\" data-id=\"f98bc2d\" data-element_type=\"column\">\n\t\t\t<div class=\"elementor-widget-wrap elementor-element-populated\">\n\t\t\t\t\t\t\t\t<div class=\"elementor-element elementor-element-2703e58 elementor-widget-divider--view-line elementor-widget elementor-widget-divider\" data-id=\"2703e58\" data-element_type=\"widget\" data-widget_type=\"divider.default\">\n\t\t\t\t<div class=\"elementor-widget-container\">\n\t\t\t\t\t<div class=\"elementor-divider\">\n\t\t\t<span class=\"elementor-divider-separator\">\n\t\t\t\t\t\t<\/span>\n\t\t<\/div>\n\t\t\t\t<\/div>\n\t\t\t\t<\/div>\n\t\t\t\t\t<\/div>\n\t\t<\/div>\n\t\t\t\t\t\t\t<\/div>\n\t\t<\/section>\n\t\t\t\t<section class=\"elementor-section elementor-top-section elementor-element elementor-element-f1c1ce6 elementor-section-boxed elementor-section-height-default elementor-section-height-default\" data-id=\"f1c1ce6\" data-element_type=\"section\">\n\t\t\t\t\t\t<div class=\"elementor-container elementor-column-gap-default\">\n\t\t\t\t\t<div class=\"elementor-column elementor-col-100 elementor-top-column elementor-element elementor-element-a359b2c\" data-id=\"a359b2c\" data-element_type=\"column\">\n\t\t\t<div class=\"elementor-widget-wrap elementor-element-populated\">\n\t\t\t\t\t\t\t\t<div class=\"elementor-element elementor-element-06e4031 elementor-widget elementor-widget-image\" data-id=\"06e4031\" data-element_type=\"widget\" data-widget_type=\"image.default\">\n\t\t\t\t<div class=\"elementor-widget-container\">\n\t\t\t\t\t\t\t\t\t\t\t\t\t\t\t<img loading=\"lazy\" decoding=\"async\" width=\"1024\" height=\"732\" src=\"https:\/\/thesimplerent.com\/blog\/wp-content\/uploads\/2025\/01\/Diseno-sin-titulo-2.png\" class=\"attachment-large size-large\" alt=\"\" srcset=\"https:\/\/thesimplerent.com\/blog\/wp-content\/uploads\/2025\/01\/Diseno-sin-titulo-2.png 1024w, https:\/\/thesimplerent.com\/blog\/wp-content\/uploads\/2025\/01\/Diseno-sin-titulo-2-300x214.png 300w, https:\/\/thesimplerent.com\/blog\/wp-content\/uploads\/2025\/01\/Diseno-sin-titulo-2-768x549.png 768w\" sizes=\"auto, (max-width: 1024px) 100vw, 1024px\" \/>\t\t\t\t\t\t\t\t\t\t\t\t\t\t\t<\/div>\n\t\t\t\t<\/div>\n\t\t\t\t\t<\/div>\n\t\t<\/div>\n\t\t\t\t\t\t\t<\/div>\n\t\t<\/section>\n\t\t\t\t<section class=\"elementor-section elementor-top-section elementor-element elementor-element-7e21276 elementor-section-boxed elementor-section-height-default elementor-section-height-default\" data-id=\"7e21276\" data-element_type=\"section\">\n\t\t\t\t\t\t<div class=\"elementor-container elementor-column-gap-default\">\n\t\t\t\t\t<div class=\"elementor-column elementor-col-100 elementor-top-column elementor-element elementor-element-fb7f32d\" data-id=\"fb7f32d\" data-element_type=\"column\">\n\t\t\t<div class=\"elementor-widget-wrap elementor-element-populated\">\n\t\t\t\t\t\t\t\t<div class=\"elementor-element elementor-element-eb2900d elementor-widget-divider--view-line elementor-widget elementor-widget-divider\" data-id=\"eb2900d\" data-element_type=\"widget\" data-widget_type=\"divider.default\">\n\t\t\t\t<div class=\"elementor-widget-container\">\n\t\t\t\t\t<div class=\"elementor-divider\">\n\t\t\t<span class=\"elementor-divider-separator\">\n\t\t\t\t\t\t<\/span>\n\t\t<\/div>\n\t\t\t\t<\/div>\n\t\t\t\t<\/div>\n\t\t\t\t\t<\/div>\n\t\t<\/div>\n\t\t\t\t\t\t\t<\/div>\n\t\t<\/section>\n\t\t\t\t<section class=\"elementor-section elementor-top-section elementor-element elementor-element-86410f8 elementor-section-boxed elementor-section-height-default elementor-section-height-default\" data-id=\"86410f8\" data-element_type=\"section\">\n\t\t\t\t\t\t<div class=\"elementor-container elementor-column-gap-default\">\n\t\t\t\t\t<div class=\"elementor-column elementor-col-100 elementor-top-column elementor-element elementor-element-7e5981d\" data-id=\"7e5981d\" data-element_type=\"column\">\n\t\t\t<div class=\"elementor-widget-wrap elementor-element-populated\">\n\t\t\t\t\t\t\t\t<div class=\"elementor-element elementor-element-009571f elementor-widget elementor-widget-text-editor\" data-id=\"009571f\" data-element_type=\"widget\" data-widget_type=\"text-editor.default\">\n\t\t\t\t<div class=\"elementor-widget-container\">\n\t\t\t\t\t\t\t<p>El auge del <b>Senior Living<\/b> est\u00e1 transformando el sector inmobiliario, adapt\u00e1ndose a una sociedad que prioriza el bienestar, la independencia y la calidad de vida de sus mayores. Este segmento, m\u00e1s que una tendencia, representa una oportunidad para construir comunidades inclusivas y sostenibles que respondan a las necesidades de una poblaci\u00f3n en constante evoluci\u00f3n. En <b>The Simple Rent<\/b>, creemos en un enfoque innovador y humano hacia la vivienda, y reconocemos el potencial de este modelo para redefinir el futuro del mercado inmobiliario.<\/p><h6><span style=\"font-weight: normal;\">\u00bfTe interesa explorar m\u00e1s sobre este tema o invertir en proyectos de <\/span>Senior Living<span style=\"font-weight: normal;\">? Cont\u00e1ctanos y descubre c\u00f3mo podemos ayudarte a formar parte de esta revoluci\u00f3n inmobiliaria.\u00a0<\/span><\/h6>\t\t\t\t\t\t<\/div>\n\t\t\t\t<\/div>\n\t\t\t\t\t<\/div>\n\t\t<\/div>\n\t\t\t\t\t\t\t<\/div>\n\t\t<\/section>\n\t\t\t\t\t\t\t<\/div>\n\t\t","protected":false},"excerpt":{"rendered":"<p>Espa\u00f1a se consolida como uno de los principales destinos europeos para el desarrollo de complejos residenciales bajo el modelo de Senior Living. Este concepto, dirigido a personas mayores independientes, combina&#46;&#46;&#46;<\/p>\n","protected":false},"author":2,"featured_media":21799,"comment_status":"closed","ping_status":"closed","sticky":false,"template":"","format":"standard","meta":{"inline_featured_image":false,"footnotes":""},"categories":[12,1],"tags":[26,19,16,11],"class_list":["post-21792","post","type-post","status-publish","format-standard","has-post-thumbnail","hentry","category-prensa","category-sin-categoria","tag-agencia-inmobiliaria","tag-alquiler","tag-the-simple-rent","tag-vivienda"],"yoast_head":"<!-- This site is optimized with the Yoast SEO plugin v19.3 - https:\/\/yoast.com\/wordpress\/plugins\/seo\/ -->\n<title>El auge del Senior Living en Espa\u00f1a - The Simple Rent Blog<\/title>\n<meta name=\"robots\" content=\"index, follow, max-snippet:-1, max-image-preview:large, max-video-preview:-1\" \/>\n<link rel=\"canonical\" href=\"https:\/\/thesimplerent.com\/blog\/el-auge-del-senior-living-en-espana\/\" \/>\n<meta property=\"og:locale\" content=\"es_ES\" \/>\n<meta property=\"og:type\" content=\"article\" \/>\n<meta property=\"og:title\" content=\"El auge del Senior Living en Espa\u00f1a - The Simple Rent Blog\" \/>\n<meta property=\"og:description\" content=\"Espa\u00f1a se consolida como uno de los principales destinos europeos para el desarrollo de complejos residenciales bajo el modelo de Senior Living. Este concepto, dirigido a personas mayores independientes, combina&#046;&#046;&#046;\" \/>\n<meta property=\"og:url\" content=\"https:\/\/thesimplerent.com\/blog\/el-auge-del-senior-living-en-espana\/\" \/>\n<meta property=\"og:site_name\" content=\"The Simple Rent Blog\" \/>\n<meta property=\"article:published_time\" content=\"2025-01-10T10:04:44+00:00\" \/>\n<meta property=\"article:modified_time\" content=\"2025-01-10T10:13:23+00:00\" \/>\n<meta property=\"og:image\" content=\"https:\/\/thesimplerent.com\/blog\/wp-content\/uploads\/2025\/01\/Diseno-sin-titulo-1.png\" \/>\n\t<meta property=\"og:image:width\" content=\"1024\" \/>\n\t<meta property=\"og:image:height\" content=\"732\" \/>\n\t<meta property=\"og:image:type\" content=\"image\/png\" \/>\n<meta name=\"author\" content=\"The Simple Rent\" \/>\n<meta name=\"twitter:card\" content=\"summary_large_image\" \/>\n<meta name=\"twitter:label1\" content=\"Escrito por\" \/>\n\t<meta name=\"twitter:data1\" content=\"The Simple Rent\" \/>\n\t<meta name=\"twitter:label2\" content=\"Tiempo de lectura\" \/>\n\t<meta name=\"twitter:data2\" content=\"3 minutos\" \/>\n<script type=\"application\/ld+json\" class=\"yoast-schema-graph\">{\"@context\":\"https:\/\/schema.org\",\"@graph\":[{\"@type\":\"Organization\",\"@id\":\"https:\/\/thesimplerent.com\/blog\/#organization\",\"name\":\"The Simple Rent Blog\",\"url\":\"https:\/\/thesimplerent.com\/blog\/\",\"sameAs\":[],\"logo\":{\"@type\":\"ImageObject\",\"inLanguage\":\"es\",\"@id\":\"https:\/\/thesimplerent.com\/blog\/#\/schema\/logo\/image\/\",\"url\":\"https:\/\/thesimplerent.com\/blog\/wp-content\/uploads\/2022\/07\/logo-tsr-blue.svg\",\"contentUrl\":\"https:\/\/thesimplerent.com\/blog\/wp-content\/uploads\/2022\/07\/logo-tsr-blue.svg\",\"width\":400,\"height\":100,\"caption\":\"The Simple Rent Blog\"},\"image\":{\"@id\":\"https:\/\/thesimplerent.com\/blog\/#\/schema\/logo\/image\/\"}},{\"@type\":\"WebSite\",\"@id\":\"https:\/\/thesimplerent.com\/blog\/#website\",\"url\":\"https:\/\/thesimplerent.com\/blog\/\",\"name\":\"The Simple Rent Blog\",\"description\":\"Descubre Las \u00daltimas Noticias de TSR\",\"publisher\":{\"@id\":\"https:\/\/thesimplerent.com\/blog\/#organization\"},\"potentialAction\":[{\"@type\":\"SearchAction\",\"target\":{\"@type\":\"EntryPoint\",\"urlTemplate\":\"https:\/\/thesimplerent.com\/blog\/?s={search_term_string}\"},\"query-input\":\"required name=search_term_string\"}],\"inLanguage\":\"es\"},{\"@type\":\"ImageObject\",\"inLanguage\":\"es\",\"@id\":\"https:\/\/thesimplerent.com\/blog\/el-auge-del-senior-living-en-espana\/#primaryimage\",\"url\":\"https:\/\/thesimplerent.com\/blog\/wp-content\/uploads\/2025\/01\/Diseno-sin-titulo-1.png\",\"contentUrl\":\"https:\/\/thesimplerent.com\/blog\/wp-content\/uploads\/2025\/01\/Diseno-sin-titulo-1.png\",\"width\":1024,\"height\":732},{\"@type\":\"WebPage\",\"@id\":\"https:\/\/thesimplerent.com\/blog\/el-auge-del-senior-living-en-espana\/\",\"url\":\"https:\/\/thesimplerent.com\/blog\/el-auge-del-senior-living-en-espana\/\",\"name\":\"El auge del Senior Living en Espa\u00f1a - The Simple Rent Blog\",\"isPartOf\":{\"@id\":\"https:\/\/thesimplerent.com\/blog\/#website\"},\"primaryImageOfPage\":{\"@id\":\"https:\/\/thesimplerent.com\/blog\/el-auge-del-senior-living-en-espana\/#primaryimage\"},\"datePublished\":\"2025-01-10T10:04:44+00:00\",\"dateModified\":\"2025-01-10T10:13:23+00:00\",\"breadcrumb\":{\"@id\":\"https:\/\/thesimplerent.com\/blog\/el-auge-del-senior-living-en-espana\/#breadcrumb\"},\"inLanguage\":\"es\",\"potentialAction\":[{\"@type\":\"ReadAction\",\"target\":[\"https:\/\/thesimplerent.com\/blog\/el-auge-del-senior-living-en-espana\/\"]}]},{\"@type\":\"BreadcrumbList\",\"@id\":\"https:\/\/thesimplerent.com\/blog\/el-auge-del-senior-living-en-espana\/#breadcrumb\",\"itemListElement\":[{\"@type\":\"ListItem\",\"position\":1,\"name\":\"Portada\",\"item\":\"https:\/\/thesimplerent.com\/blog\/\"},{\"@type\":\"ListItem\",\"position\":2,\"name\":\"El auge del Senior Living en Espa\u00f1a\"}]},{\"@type\":\"Article\",\"@id\":\"https:\/\/thesimplerent.com\/blog\/el-auge-del-senior-living-en-espana\/#article\",\"isPartOf\":{\"@id\":\"https:\/\/thesimplerent.com\/blog\/el-auge-del-senior-living-en-espana\/\"},\"author\":{\"name\":\"The Simple Rent\",\"@id\":\"https:\/\/thesimplerent.com\/blog\/#\/schema\/person\/f78c5bf3d056f232aaf4aa9978364db2\"},\"headline\":\"El auge del Senior Living en Espa\u00f1a\",\"datePublished\":\"2025-01-10T10:04:44+00:00\",\"dateModified\":\"2025-01-10T10:13:23+00:00\",\"mainEntityOfPage\":{\"@id\":\"https:\/\/thesimplerent.com\/blog\/el-auge-del-senior-living-en-espana\/\"},\"wordCount\":639,\"publisher\":{\"@id\":\"https:\/\/thesimplerent.com\/blog\/#organization\"},\"image\":{\"@id\":\"https:\/\/thesimplerent.com\/blog\/el-auge-del-senior-living-en-espana\/#primaryimage\"},\"thumbnailUrl\":\"https:\/\/thesimplerent.com\/blog\/wp-content\/uploads\/2025\/01\/Diseno-sin-titulo-1.png\",\"keywords\":[\"agencia inmobiliaria\",\"alquiler\",\"the simple rent\",\"vivienda\"],\"articleSection\":[\"Prensa\"],\"inLanguage\":\"es\"},{\"@type\":\"Person\",\"@id\":\"https:\/\/thesimplerent.com\/blog\/#\/schema\/person\/f78c5bf3d056f232aaf4aa9978364db2\",\"name\":\"The Simple Rent\",\"image\":{\"@type\":\"ImageObject\",\"inLanguage\":\"es\",\"@id\":\"https:\/\/thesimplerent.com\/blog\/#\/schema\/person\/image\/\",\"url\":\"https:\/\/secure.gravatar.com\/avatar\/568643673988fe28c01351b530bfa3e4bfbe9b15db37595c946998f7e48447ba?s=96&d=mm&r=g\",\"contentUrl\":\"https:\/\/secure.gravatar.com\/avatar\/568643673988fe28c01351b530bfa3e4bfbe9b15db37595c946998f7e48447ba?s=96&d=mm&r=g\",\"caption\":\"The Simple Rent\"},\"url\":\"https:\/\/thesimplerent.com\/blog\/author\/comunicacion\/\"}]}<\/script>\n<!-- \/ Yoast SEO plugin. -->","yoast_head_json":{"title":"El auge del Senior Living en Espa\u00f1a - The Simple Rent Blog","robots":{"index":"index","follow":"follow","max-snippet":"max-snippet:-1","max-image-preview":"max-image-preview:large","max-video-preview":"max-video-preview:-1"},"canonical":"https:\/\/thesimplerent.com\/blog\/el-auge-del-senior-living-en-espana\/","og_locale":"es_ES","og_type":"article","og_title":"El auge del Senior Living en Espa\u00f1a - The Simple Rent Blog","og_description":"Espa\u00f1a se consolida como uno de los principales destinos europeos para el desarrollo de complejos residenciales bajo el modelo de Senior Living. Este concepto, dirigido a personas mayores independientes, combina&#46;&#46;&#46;","og_url":"https:\/\/thesimplerent.com\/blog\/el-auge-del-senior-living-en-espana\/","og_site_name":"The Simple Rent Blog","article_published_time":"2025-01-10T10:04:44+00:00","article_modified_time":"2025-01-10T10:13:23+00:00","og_image":[{"width":1024,"height":732,"url":"https:\/\/thesimplerent.com\/blog\/wp-content\/uploads\/2025\/01\/Diseno-sin-titulo-1.png","type":"image\/png"}],"author":"The Simple Rent","twitter_card":"summary_large_image","twitter_misc":{"Escrito por":"The Simple Rent","Tiempo de lectura":"3 minutos"},"schema":{"@context":"https:\/\/schema.org","@graph":[{"@type":"Organization","@id":"https:\/\/thesimplerent.com\/blog\/#organization","name":"The Simple Rent Blog","url":"https:\/\/thesimplerent.com\/blog\/","sameAs":[],"logo":{"@type":"ImageObject","inLanguage":"es","@id":"https:\/\/thesimplerent.com\/blog\/#\/schema\/logo\/image\/","url":"https:\/\/thesimplerent.com\/blog\/wp-content\/uploads\/2022\/07\/logo-tsr-blue.svg","contentUrl":"https:\/\/thesimplerent.com\/blog\/wp-content\/uploads\/2022\/07\/logo-tsr-blue.svg","width":400,"height":100,"caption":"The Simple Rent Blog"},"image":{"@id":"https:\/\/thesimplerent.com\/blog\/#\/schema\/logo\/image\/"}},{"@type":"WebSite","@id":"https:\/\/thesimplerent.com\/blog\/#website","url":"https:\/\/thesimplerent.com\/blog\/","name":"The Simple Rent Blog","description":"Descubre Las \u00daltimas Noticias de TSR","publisher":{"@id":"https:\/\/thesimplerent.com\/blog\/#organization"},"potentialAction":[{"@type":"SearchAction","target":{"@type":"EntryPoint","urlTemplate":"https:\/\/thesimplerent.com\/blog\/?s={search_term_string}"},"query-input":"required name=search_term_string"}],"inLanguage":"es"},{"@type":"ImageObject","inLanguage":"es","@id":"https:\/\/thesimplerent.com\/blog\/el-auge-del-senior-living-en-espana\/#primaryimage","url":"https:\/\/thesimplerent.com\/blog\/wp-content\/uploads\/2025\/01\/Diseno-sin-titulo-1.png","contentUrl":"https:\/\/thesimplerent.com\/blog\/wp-content\/uploads\/2025\/01\/Diseno-sin-titulo-1.png","width":1024,"height":732},{"@type":"WebPage","@id":"https:\/\/thesimplerent.com\/blog\/el-auge-del-senior-living-en-espana\/","url":"https:\/\/thesimplerent.com\/blog\/el-auge-del-senior-living-en-espana\/","name":"El auge del Senior Living en Espa\u00f1a - The Simple Rent Blog","isPartOf":{"@id":"https:\/\/thesimplerent.com\/blog\/#website"},"primaryImageOfPage":{"@id":"https:\/\/thesimplerent.com\/blog\/el-auge-del-senior-living-en-espana\/#primaryimage"},"datePublished":"2025-01-10T10:04:44+00:00","dateModified":"2025-01-10T10:13:23+00:00","breadcrumb":{"@id":"https:\/\/thesimplerent.com\/blog\/el-auge-del-senior-living-en-espana\/#breadcrumb"},"inLanguage":"es","potentialAction":[{"@type":"ReadAction","target":["https:\/\/thesimplerent.com\/blog\/el-auge-del-senior-living-en-espana\/"]}]},{"@type":"BreadcrumbList","@id":"https:\/\/thesimplerent.com\/blog\/el-auge-del-senior-living-en-espana\/#breadcrumb","itemListElement":[{"@type":"ListItem","position":1,"name":"Portada","item":"https:\/\/thesimplerent.com\/blog\/"},{"@type":"ListItem","position":2,"name":"El auge del Senior Living en Espa\u00f1a"}]},{"@type":"Article","@id":"https:\/\/thesimplerent.com\/blog\/el-auge-del-senior-living-en-espana\/#article","isPartOf":{"@id":"https:\/\/thesimplerent.com\/blog\/el-auge-del-senior-living-en-espana\/"},"author":{"name":"The Simple Rent","@id":"https:\/\/thesimplerent.com\/blog\/#\/schema\/person\/f78c5bf3d056f232aaf4aa9978364db2"},"headline":"El auge del Senior Living en Espa\u00f1a","datePublished":"2025-01-10T10:04:44+00:00","dateModified":"2025-01-10T10:13:23+00:00","mainEntityOfPage":{"@id":"https:\/\/thesimplerent.com\/blog\/el-auge-del-senior-living-en-espana\/"},"wordCount":639,"publisher":{"@id":"https:\/\/thesimplerent.com\/blog\/#organization"},"image":{"@id":"https:\/\/thesimplerent.com\/blog\/el-auge-del-senior-living-en-espana\/#primaryimage"},"thumbnailUrl":"https:\/\/thesimplerent.com\/blog\/wp-content\/uploads\/2025\/01\/Diseno-sin-titulo-1.png","keywords":["agencia inmobiliaria","alquiler","the simple rent","vivienda"],"articleSection":["Prensa"],"inLanguage":"es"},{"@type":"Person","@id":"https:\/\/thesimplerent.com\/blog\/#\/schema\/person\/f78c5bf3d056f232aaf4aa9978364db2","name":"The Simple Rent","image":{"@type":"ImageObject","inLanguage":"es","@id":"https:\/\/thesimplerent.com\/blog\/#\/schema\/person\/image\/","url":"https:\/\/secure.gravatar.com\/avatar\/568643673988fe28c01351b530bfa3e4bfbe9b15db37595c946998f7e48447ba?s=96&d=mm&r=g","contentUrl":"https:\/\/secure.gravatar.com\/avatar\/568643673988fe28c01351b530bfa3e4bfbe9b15db37595c946998f7e48447ba?s=96&d=mm&r=g","caption":"The Simple Rent"},"url":"https:\/\/thesimplerent.com\/blog\/author\/comunicacion\/"}]}},"_links":{"self":[{"href":"https:\/\/thesimplerent.com\/blog\/wp-json\/wp\/v2\/posts\/21792","targetHints":{"allow":["GET"]}}],"collection":[{"href":"https:\/\/thesimplerent.com\/blog\/wp-json\/wp\/v2\/posts"}],"about":[{"href":"https:\/\/thesimplerent.com\/blog\/wp-json\/wp\/v2\/types\/post"}],"author":[{"embeddable":true,"href":"https:\/\/thesimplerent.com\/blog\/wp-json\/wp\/v2\/users\/2"}],"replies":[{"embeddable":true,"href":"https:\/\/thesimplerent.com\/blog\/wp-json\/wp\/v2\/comments?post=21792"}],"version-history":[{"count":4,"href":"https:\/\/thesimplerent.com\/blog\/wp-json\/wp\/v2\/posts\/21792\/revisions"}],"predecessor-version":[{"id":21798,"href":"https:\/\/thesimplerent.com\/blog\/wp-json\/wp\/v2\/posts\/21792\/revisions\/21798"}],"wp:featuredmedia":[{"embeddable":true,"href":"https:\/\/thesimplerent.com\/blog\/wp-json\/wp\/v2\/media\/21799"}],"wp:attachment":[{"href":"https:\/\/thesimplerent.com\/blog\/wp-json\/wp\/v2\/media?parent=21792"}],"wp:term":[{"taxonomy":"category","embeddable":true,"href":"https:\/\/thesimplerent.com\/blog\/wp-json\/wp\/v2\/categories?post=21792"},{"taxonomy":"post_tag","embeddable":true,"href":"https:\/\/thesimplerent.com\/blog\/wp-json\/wp\/v2\/tags?post=21792"}],"curies":[{"name":"wp","href":"https:\/\/api.w.org\/{rel}","templated":true}]}}